{"id":4729,"date":"2024-01-22T13:20:40","date_gmt":"2024-01-22T12:20:40","guid":{"rendered":"https:\/\/pasaenmendoza.com\/?p=4729"},"modified":"2024-01-22T13:20:42","modified_gmt":"2024-01-22T12:20:42","slug":"lisandro-nieri-parecia-que-trabajabamos-para-los-vinos-chilenos","status":"publish","type":"post","link":"https:\/\/pasaenmendoza.com\/?p=4729","title":{"rendered":"Lisandro Nieri: &#8220;Parec\u00eda que trabaj\u00e1bamos para los vinos chilenos&#8221;"},"content":{"rendered":"\n<p>El panorama pol\u00edtico nacional en la Argentina transita d\u00edas convulsionados debido al \u00e1lgido debate en el Congreso de la Naci\u00f3n, debido a la\u00a0<strong>Ley \u00d3mnibus<\/strong>\u00a0que promovi\u00f3 el Gobierno del presidente\u00a0<strong>Javier Milei<\/strong>. En una semana que puede ser decisiva,\u00a0<strong>la oposici\u00f3n festej\u00f3 las modificaciones que realizar\u00e1 el Ejecutivo<\/strong>, pero espera el nuevo texto.<\/p>\n\n\n\n<p><br>Despu\u00e9s de varios d\u00edas de debates, an\u00e1lisis, gritos, chicanas y propuestas de modificaciones y mejoras,\u00a0<strong>el Gobierno Nacional accedi\u00f3 a modificar distintos aspectos del proyecto de Ley<\/strong>, lo que sorprendi\u00f3 a la oposici\u00f3n y brinda expectativa acerca de la postura que tomen los partidos opositores\u00a0<strong>para dar un dictamen favorable en comisiones y, posteriormente, votar la Ley en el recinto.<\/strong><\/p>\n\n\n\n<p>En Mendoza, las modificaciones cayeron muy bien y fueron festejadas, sobre todo,&nbsp;<strong>las que eliminaban las retenciones a las exportaciones de la industria vitivin\u00edcola y las modificaciones del cap\u00edtulo petrolero.<\/strong><\/p>\n\n\n\n<p>El diputado nacional por Cambia Mendoza,\u00a0<strong>Lisandro Nieri<\/strong>, dialog\u00f3 con el\u00a0<strong>Post<\/strong>\u00a0y coment\u00f3 c\u00f3mo fue el f\u00e9rreo proceso de debates en las comisiones, hasta lograr lo que, a priori, parece un consenso.<\/p>\n\n\n\n<p><strong>&#8220;Al principio, al Gobierno le faltaba un interlocutor&#8221;<\/strong>, comenz\u00f3 analizando Nieri, &#8220;faltaba alguien que dijera &#8216;esto es razonable&#8217; o &#8216;no, esto no podemos cambiarlo&#8217;, porque hubo momentos en los que nosotros propon\u00edamos cambios, pero&nbsp;<strong>no obten\u00edamos devoluci\u00f3n del Gobierno<\/strong>&#8220;, se\u00f1al\u00f3.&nbsp;<\/p>\n\n\n\n<p>Cabe recordar que el Ejecutivo Nacional envi\u00f3 al Congreso la Ley \u00d3mnibus, que consta de\u00a0<strong>644 art\u00edculos<\/strong>\u00a0divididos en tem\u00e1ticas de econom\u00eda, seguridad, seguridad social, modificaciones en el sistema electoral, en la Justicia, entre otras decenas de modificaciones.\u00a0<\/p>\n\n\n\n<p>En este sentido, el ex ministro de Hacienda de Mendoza, manifest\u00f3 que le toc\u00f3 trabajar &#8220;en un punteo de temas, con autoridades y funcionarios, donde se trataron temas econ\u00f3micos, previsionales, de la emergencia y los poderes extraordinarios, entre muchos art\u00edculos de los 664. Hay varios puntos y correcciones formales que hay que hacer.\u00a0<strong>Entendemos que (la b\u00fasqueda de) el equilibrio fiscal es correcto y que tenemos que alcanzar ese objetivo, sabemos que hay que hacerlo,\u00a0<\/strong>que hay que alcanzar ese objetivo del equilibrio fiscal, como hicimos nosotros en Mendoza desde 2017&#8243;, reflexion\u00f3 Nieri.<\/p>\n\n\n\n<p>El legislador nacional resalt\u00f3 la ardua lucha de los legisladores de Mendoza, el Gobierno provincial y los sectores vitivin\u00edcolas, para lograr que se diera marcha atr\u00e1s con las retenciones al vino. Una de las modificaciones que pidi\u00f3 la oposici\u00f3n, en conjunto con los distintos gobernadores de las provincias, fue&nbsp;<strong>la eliminaci\u00f3n de las retenciones para todas las econom\u00edas regionales.&nbsp;<\/strong><\/p>\n\n\n\n<p>&#8220;El proyecto planteaba retenciones al 8% en la industria vitivin\u00edcola y&nbsp;<strong>nosotros plante\u00e1bamos en estos d\u00edas la quita de las retenciones y no subir los impuestos que desalienten la producci\u00f3n y que le restan competitividad a nuestros productos en el mundo<\/strong>&#8220;, explic\u00f3 Nieri y a\u00f1adi\u00f3 que &#8220;estuvimos bastante firmes y trabajamos con los funcionarios, en comisi\u00f3n y junto a entidades del sector productivo que manifestaron lo err\u00f3neo de esta medida, que iba a lograr la&nbsp;<strong>p\u00e9rdida de trabajo y de exportaciones<\/strong>&#8220;.<\/p>\n\n\n\n<p>En esta l\u00ednea, el diputado Nacional admiti\u00f3 que comparten la mirada de que&nbsp;<strong>hay que recortar el &#8220;gasto p\u00fablico ineficiente&#8221;<\/strong>, a la vez de que el pa\u00eds tiene que tender a tener un &#8220;sistema impositivo acorde&#8221; a las necesidades productivas, pero que el Estado debe&nbsp;<strong>&#8220;tender a bajar los impuestos<\/strong>, sobre todo aquellos que son distorsivos y que no existen en el mundo y&nbsp;<strong>que nos dejan fuera de competencia contra nuestros principales competidores<\/strong>&#8220;, enfatiz\u00f3, y luego ironiz\u00f3, diciendo que&nbsp;<strong>&#8220;parece que trabaj\u00e1ramos para los vinos chilenos&#8221;<\/strong>, al respecto de las retenciones al vino argentino.<\/p>\n\n\n\n<p>A pesar de que en Mendoza se festej\u00f3 que el Gobierno accediera a realizar las modificaciones pedidas por los legisladores, para Nieri &#8220;a\u00fan no es definitivo, porque necesitamos ver el articulado, verlo escrito&#8221;, dando a entender que todav\u00eda hay espacio a seguir debatiendo. &#8220;Esperamos que el texto est\u00e9 en los primeros d\u00edas de esta semana, donde deber\u00edamos tener la nueva versi\u00f3n del articulado&#8221;, coment\u00f3.<\/p>\n\n\n\n<p>El referente radical coment\u00f3 que, al principio del debate, el Gobierno se mostraba &#8220;intransigente y reacio&#8221; a realizar modificaciones a los puntos que se pidieron por los legisladores mendocinos, sobre todo en materia de f\u00f3rmula previsional, delegaci\u00f3n de facultades al Poder Ejecutivo, Emergencia, entre otras.\u00a0<\/p>\n\n\n\n<p>Sin embargo, luego el Gobierno tuvo un cambio en la actitud y se mostraron dispuestos a realizar las modificaciones requeridas.&nbsp;<strong>&#8220;Hubo una buena receptividad, lo que parec\u00eda que no se mov\u00eda, despu\u00e9s vimos una buena recepci\u00f3n a nuestros puntos<\/strong>. Despu\u00e9s, seguramente habr\u00e1 idas y vueltas, porque hay que ver las correcciones por escrito, una coma puede cambiar todo el sentido en un art\u00edculo. No nos vamos a apresurar&#8221;, explic\u00f3 el legislador, agregando que &#8220;el Gobierno tiene que especificar qu\u00e9 art\u00edculos se modifican y cu\u00e1les se eliminan, es decir, todas las modificaciones formales.&nbsp;<strong>Reci\u00e9n ah\u00ed podremos trabajar en un dictamen, que es el paso previo a votar en el recinto<\/strong>&#8220;, coment\u00f3.<\/p>\n\n\n\n<p>&#8220;Quiz\u00e1s no se d\u00e9 el escenario ideal, pero&nbsp;<strong>si se plasma la recepci\u00f3n importante por parte de ellos, podr\u00eda ser (votar a favor), pero es imposible saber c\u00f3mo se votar\u00eda sin ver el texto escrito<\/strong>. Pero s\u00ed fue positiva la devoluci\u00f3n que tuvimos el jueves, porque&nbsp;<strong>si no acced\u00edan a modificar las retenciones a las econom\u00edas regionales, no \u00edbamos a apoyar<\/strong>&#8220;, reconoci\u00f3 el diputado radical por Mendoza.<\/p>\n\n\n\n<p>&#8220;Ahora habr\u00e1 que ver el texto, hubo un avance importante. No sab\u00edamos si nos iban a decir &#8216;esta es la Ley, se vota por s\u00ed o por no&#8217;, porque as\u00ed como estaba no \u00edbamos a acompa\u00f1ar. Ahora se recibieron muchos de nuestros aportes de estos d\u00edas&#8221;, se\u00f1al\u00f3 el diputado nacional, Lisandro Nieri.<\/p>\n\n\n\n<p>Modificaci\u00f3n f\u00f3rmula previsional<\/p>\n\n\n\n<p>&#8220;Respecto a la f\u00f3rmula previsional, nosotros planteamos que no se pod\u00eda eliminar directamente. Si quer\u00edan,\u00a0<strong>ten\u00edan que presentar otra f\u00f3rmula, pero de ninguna manera \u00edbamos a aceptar que el Ejecutivo tenga la discreci\u00f3n de c\u00f3mo se actualizan las jubilaciones&#8221;.\u00a0<\/strong><\/p>\n\n\n\n<p>&#8220;Les dijimos que,&nbsp;<strong>o traen otra f\u00f3rmula o ponemos un piso para que no pierdan poder adquisitivo las jubilaciones,<\/strong>&nbsp;que ya bastante mal est\u00e1n despu\u00e9s de los 4 a\u00f1os del anterior Gobierno, donde se perdi\u00f3 el 50% del poder adquisitivo&#8221;.<\/p>\n\n\n\n<p>Hidrocarburos<\/p>\n\n\n\n<p>&#8220;Hab\u00eda una cuesti\u00f3n inconstitucional, ya que son facultades de las provincias que apenas se comenz\u00f3 a presentar, el Gobierno admiti\u00f3 que se iba a modificar&#8221;.<\/p>\n\n\n\n<p>&#8220;Se trabaj\u00f3 fuerte, viaj\u00f3\u00a0Jimena Latorre,\u00a0se trabaj\u00f3 tambi\u00e9n desde la OFEPHI y\u00a0<strong>se logr\u00f3 modificar favorablemente el cap\u00edtulo de hidrocarburos<\/strong>&#8220;.\u00a0<\/p>\n\n\n\n<p>&#8220;Estamos conformes con la modificaci\u00f3n de la Ley de Hidrocarburos, habiendo salvado los puntos que marcamos nosotros, junto a otras provincias productoras&#8221;.<\/p>\n\n\n\n<p>YPF y privatizaciones<\/p>\n\n\n\n<p>&#8220;Nosotros propon\u00edamos que la Ley que establece empresas sujetas a privatizaci\u00f3n, del a\u00f1o 1989,&nbsp;<strong>se viera cada una de las empresas de a un caso a la vez. No todo tiene que salir de un d\u00eda para el otro<\/strong>&#8220;.&nbsp;<\/p>\n\n\n\n<p>&#8220;<strong>El Gobierno acept\u00f3 sacar a YPF del listado,<\/strong>\u00a0pero pretende dejar en un rol legislativo distintas comisiones que puedan participar en el proceso, pero no est\u00e1 del todo claro&#8221;.<\/p>\n\n\n\n<p>&#8220;Queremos ver c\u00f3mo queda por escrito&nbsp;<strong>la participaci\u00f3n del Poder Legislativo en las privatizaciones<\/strong>&#8220;.&nbsp;<\/p>\n\n\n\n<p>&#8220;Nosotros creemos que hay empresas que pueden estar sujetas a privatizaci\u00f3n, pero<strong>&nbsp;no tiene ning\u00fan sentido que sean 41 de una sola vez&#8221;.<\/strong><\/p>\n\n\n\n<p>&#8220;Se sac\u00f3 YPF, pero\u00a0<strong>nosotros ped\u00edamos tambi\u00e9n que se saque Banco Naci\u00f3n<\/strong>, entre otras empresas que, al menos, creemos que tienen que tener un\u00a0<strong>tratamiento particular<\/strong>, no en una Ley \u00d3mnibus&#8221;.\u00a0<\/p>\n\n\n\n<p>FUENTE: Mendozapost.<\/p>\n","protected":false},"excerpt":{"rendered":"<p>El panorama pol\u00edtico nacional en la Argentina transita d\u00edas convulsionados debido al \u00e1lgido debate en el Congreso de la Naci\u00f3n, debido a la\u00a0Ley \u00d3mnibus\u00a0que promovi\u00f3 el Gobierno del presidente\u00a0Javier Milei. En una semana que puede ser decisiva,\u00a0la oposici\u00f3n festej\u00f3 las modificaciones que realizar\u00e1 el Ejecutivo, pero espera el nuevo texto. Despu\u00e9s de varios d\u00edas de [&hellip;]<\/p>\n","protected":false},"author":2,"featured_media":4733,"comment_status":"open","ping_status":"open","sticky":true,"template":"","format":"standard","meta":[],"categories":[47],"tags":[],"_links":{"self":[{"href":"https:\/\/pasaenmendoza.com\/index.php?rest_route=\/wp\/v2\/posts\/4729"}],"collection":[{"href":"https:\/\/pasaenmendoza.com\/index.php?rest_route=\/wp\/v2\/posts"}],"about":[{"href":"https:\/\/pasaenmendoza.com\/index.php?rest_route=\/wp\/v2\/types\/post"}],"author":[{"embeddable":true,"href":"https:\/\/pasaenmendoza.com\/index.php?rest_route=\/wp\/v2\/users\/2"}],"replies":[{"embeddable":true,"href":"https:\/\/pasaenmendoza.com\/index.php?rest_route=%2Fwp%2Fv2%2Fcomments&post=4729"}],"version-history":[{"count":1,"href":"https:\/\/pasaenmendoza.com\/index.php?rest_route=\/wp\/v2\/posts\/4729\/revisions"}],"predecessor-version":[{"id":4735,"href":"https:\/\/pasaenmendoza.com\/index.php?rest_route=\/wp\/v2\/posts\/4729\/revisions\/4735"}],"wp:featuredmedia":[{"embeddable":true,"href":"https:\/\/pasaenmendoza.com\/index.php?rest_route=\/wp\/v2\/media\/4733"}],"wp:attachment":[{"href":"https:\/\/pasaenmendoza.com\/index.php?rest_route=%2Fwp%2Fv2%2Fmedia&parent=4729"}],"wp:term":[{"taxonomy":"category","embeddable":true,"href":"https:\/\/pasaenmendoza.com\/index.php?rest_route=%2Fwp%2Fv2%2Fcategories&post=4729"},{"taxonomy":"post_tag","embeddable":true,"href":"https:\/\/pasaenmendoza.com\/index.php?rest_route=%2Fwp%2Fv2%2Ftags&post=4729"}],"curies":[{"name":"wp","href":"https:\/\/api.w.org\/{rel}","templated":true}]}}