{"id":4734,"date":"2024-01-22T13:31:41","date_gmt":"2024-01-22T12:31:41","guid":{"rendered":"https:\/\/pasaenmendoza.com\/?p=4734"},"modified":"2024-01-22T13:31:43","modified_gmt":"2024-01-22T12:31:43","slug":"detuvieron-a-un-nene-con-una-tumbera-en-guaymallen","status":"publish","type":"post","link":"https:\/\/pasaenmendoza.com\/?p=4734","title":{"rendered":"Detuvieron a un nene con una &#8220;tumbera&#8221; en Guaymall\u00e9n"},"content":{"rendered":"\n<p>En la madrugada de este domingo, alrededor de las 02:15 hs,&nbsp;<strong>la polic\u00eda realiz\u00f3 el secuestro de un arma de fuego en las inmediaciones al Barrio Lihu\u00e9 en Guaymall\u00e9n<\/strong>. Agentes de la Comisar\u00eda 31\u00b0, mientras patrullaban la zona, detectaron la presencia de un joven que les gener\u00f3 sospechas.<\/p>\n\n\n\n<p><strong>Los efectivos detuvieron al adolescente y al requisarlo notaron que llevaba consigo un arma de fabricaci\u00f3n casera<\/strong>, conocida como &#8220;tumbera&#8221;. Seg\u00fan constataron, el joven es menor y tiene solo 15 a\u00f1os. Luego del procedimiento fue trasladado a la sede policial para continuar con las diligencias correspondientes.<\/p>\n\n\n\n<p>Las actuaciones de este caso quedan bajo la responsabilidad de la Oficina Fiscal N\u00b0 8, en conjunto con la Comisar\u00eda 25\u00b0. Se espera que la investigaci\u00f3n policial arroje luz sobre las circunstancias que llevaron al menor a portar un arma de fuego de estas caracter\u00edsticas en la v\u00eda p\u00fablica.<\/p>\n\n\n\n<p><strong>Fuente: www.mendozapost.com<\/strong><\/p>\n","protected":false},"excerpt":{"rendered":"<p>En la madrugada de este domingo, alrededor de las 02:15 hs,&nbsp;la polic\u00eda realiz\u00f3 el secuestro de un arma de fuego en las inmediaciones al Barrio Lihu\u00e9 en Guaymall\u00e9n. Agentes de la Comisar\u00eda 31\u00b0, mientras patrullaban la zona, detectaron la presencia de un joven que les gener\u00f3 sospechas. Los efectivos detuvieron al adolescente y al requisarlo [&hellip;]<\/p>\n","protected":false},"author":2,"featured_media":4739,"comment_status":"open","ping_status":"open","sticky":false,"template":"","format":"standard","meta":[],"categories":[48],"tags":[],"_links":{"self":[{"href":"https:\/\/pasaenmendoza.com\/index.php?rest_route=\/wp\/v2\/posts\/4734"}],"collection":[{"href":"https:\/\/pasaenmendoza.com\/index.php?rest_route=\/wp\/v2\/posts"}],"about":[{"href":"https:\/\/pasaenmendoza.com\/index.php?rest_route=\/wp\/v2\/types\/post"}],"author":[{"embeddable":true,"href":"https:\/\/pasaenmendoza.com\/index.php?rest_route=\/wp\/v2\/users\/2"}],"replies":[{"embeddable":true,"href":"https:\/\/pasaenmendoza.com\/index.php?rest_route=%2Fwp%2Fv2%2Fcomments&post=4734"}],"version-history":[{"count":1,"href":"https:\/\/pasaenmendoza.com\/index.php?rest_route=\/wp\/v2\/posts\/4734\/revisions"}],"predecessor-version":[{"id":4740,"href":"https:\/\/pasaenmendoza.com\/index.php?rest_route=\/wp\/v2\/posts\/4734\/revisions\/4740"}],"wp:featuredmedia":[{"embeddable":true,"href":"https:\/\/pasaenmendoza.com\/index.php?rest_route=\/wp\/v2\/media\/4739"}],"wp:attachment":[{"href":"https:\/\/pasaenmendoza.com\/index.php?rest_route=%2Fwp%2Fv2%2Fmedia&parent=4734"}],"wp:term":[{"taxonomy":"category","embeddable":true,"href":"https:\/\/pasaenmendoza.com\/index.php?rest_route=%2Fwp%2Fv2%2Fcategories&post=4734"},{"taxonomy":"post_tag","embeddable":true,"href":"https:\/\/pasaenmendoza.com\/index.php?rest_route=%2Fwp%2Fv2%2Ftags&post=4734"}],"curies":[{"name":"wp","href":"https:\/\/api.w.org\/{rel}","templated":true}]}}