{"id":4744,"date":"2024-01-22T13:51:40","date_gmt":"2024-01-22T12:51:40","guid":{"rendered":"https:\/\/pasaenmendoza.com\/?p=4744"},"modified":"2024-01-22T13:51:41","modified_gmt":"2024-01-22T12:51:41","slug":"san-rafael-fue-otra-vez-el-departamento-mas-afectado-tras-el-temporal-del-domingo-en-la-provincia","status":"publish","type":"post","link":"https:\/\/pasaenmendoza.com\/?p=4744","title":{"rendered":"San Rafael fue otra vez el departamento m\u00e1s afectado tras el temporal del domingo en la provincia"},"content":{"rendered":"\n<p>La provincia de Mendoza atraves\u00f3 este domingo un\u00a0<strong>fuerte temporal de lluvia, granizo y vientos<\/strong>\u00a0que afect\u00f3 principalmente el departamento de\u00a0<strong>San Rafael<\/strong>\u00a0y la alta monta\u00f1a. Un\u00a0alud de piedras y barro\u00a0provoc\u00f3 el corte transitorio de la ruta internacional 7, a la altura de la curva de Guido, camino hacia Chile. Y los sanrafaelinos no terminaron de sobrepasar\u00a0la tormenta de hace 10 d\u00edas\u00a0cuando volvieron ayer a vivir momentos de tensi\u00f3n debido a la gran ca\u00edda de agua y granizo que dej\u00f3\u00a0<strong>80 \u00e1rboles da\u00f1ados, 60 cables cortados y 20 viviendas anegadas.<\/strong><\/p>\n\n\n\n<p><strong>Tupungato&nbsp;<\/strong>fue otro punto donde el temporal atac\u00f3 con fuerza, dejando como saldo 20 casas inundadas, seis familias autoevacuadas, dos viviendas aisladas por la crecida de agua, un veh\u00edculo atrapado por la lluvia y 10 \u00e1rboles y ramas ca\u00eddos. El municipio realiz\u00f3 90 asistencias a vecinos, otorgando nylon y colchones.<\/p>\n\n\n\n<p>En el valle de&nbsp;<strong>Uspallata<\/strong>, Las Heras, se atendi\u00f3 la emergencia de seis familias que vieron afectados sus hogares debido al temporal de intensas lluvias desatado desde la tardecita del domingo hasta la madrugada de este lunes.<\/p>\n\n\n\n<p><strong>El alerta amarillo contin\u00faa<\/strong>\u00a0para la jornada de este lunes, principalmente en el sur mendocino.<\/p>\n\n\n\n<h2 class=\"wp-block-heading\">San Rafael, el lugar m\u00e1s castigado<\/h2>\n\n\n\n<p>En&nbsp;<strong>San Rafael<\/strong>&nbsp;una serie de tormentas descargaron con fuerza&nbsp;<strong>abundante agua y granizo mediano<\/strong>&nbsp;en algunos sectores, acompa\u00f1ados por vientos intensos.<\/p>\n\n\n\n<p><strong>Fincas de la zona norte<\/strong>&nbsp;<strong>de ese departamento sure\u00f1o fue la m\u00e1s castigada por la piedra<\/strong>, sobre todo parte de Las Paredes, El Cerrito y Cuadro Nacional; mientras que en la ciudad cay\u00f3 much\u00edsima agua en pocos minutos, causando anegaciones que deriv\u00f3 en el trabajo del \u00e1rea de Servicios municipales, abocada a despejar acequias y desag\u00fces.<\/p>\n\n\n\n<p>Seg\u00fan informaron desde&nbsp;<strong>Defensa Civil<\/strong>, se trabaja en la atenci\u00f3n de distintos reclamos por ca\u00edda de \u00e1rboles y grandes ramas.<\/p>\n\n\n\n<p>Producto de la tormenta, se form\u00f3\u00a0<strong>una impresionante cascada entre las monta\u00f1as de Valle Grande<\/strong>, que pudo apreciarse a trav\u00e9s de un video que se public\u00f3 en redes sociales:<\/p>\n\n\n\n<p>Desde las \u00e1reas de Servicios municipales se trabaj\u00f3 para mitigar las anegaciones causadas por el&nbsp;<strong>desborde de acequias, desag\u00fces y canales.&nbsp;<\/strong>En particular, Desarrollo Social de San Rafael inform\u00f3 que el sector m\u00e1s afectado fue la costa de El Toledano, aunque tambi\u00e9n se est\u00e1n atendiendo casos en diferentes barrios de la ciudad.<\/p>\n\n\n\n<p>Para atender la contingencia, las familias en situaci\u00f3n de vulnerabilidad recibieron colchones, ropa de cama y frazadas.&nbsp;<strong>M\u00e1s de 30 camiones y decenas de m\u00e1quinas de la Municipalidad<\/strong>&nbsp;est\u00e1n abocados a la limpieza de la ciudad de San Rafael.<\/p>\n\n\n\n<p>Ante posibles subas del caudal,<strong>&nbsp;se recomienda evitar los cruces alternativos del r\u00edo Diamante<\/strong>&nbsp;(El Molino, Pobre Diablo y Los Dos \u00c1lamos) y utilizar, en la medida de lo posible, los puentes de la avenida Balloffet.<\/p>\n\n\n\n<p><strong>El intendente Omar F\u00e9lix recorri\u00f3 el domingo zonas afectadas&nbsp;<\/strong>de San Rafael por esta nueva tormenta, tanto en sectores productivos como la ciudad y sus alrededores.<\/p>\n\n\n\n<p>El Gobierno de Mendoza ya hab\u00eda declarado el\u00a0<strong>Estado de Emergencia o Desastre Agropecuario<\/strong>\u00a0a ra\u00edz de las heladas tard\u00edas, viento Zonda y granizo registrados durante esta temporada agr\u00edcola. La medida se extiende hasta marzo del 2025.<\/p>\n\n\n\n<p><strong>Fuente: www.diariouno.com.ar<\/strong><\/p>\n","protected":false},"excerpt":{"rendered":"<p>La provincia de Mendoza atraves\u00f3 este domingo un\u00a0fuerte temporal de lluvia, granizo y vientos\u00a0que afect\u00f3 principalmente el departamento de\u00a0San Rafael\u00a0y la alta monta\u00f1a. Un\u00a0alud de piedras y barro\u00a0provoc\u00f3 el corte transitorio de la ruta internacional 7, a la altura de la curva de Guido, camino hacia Chile. Y los sanrafaelinos no terminaron de sobrepasar\u00a0la tormenta [&hellip;]<\/p>\n","protected":false},"author":2,"featured_media":4745,"comment_status":"open","ping_status":"open","sticky":false,"template":"","format":"standard","meta":[],"categories":[50],"tags":[],"_links":{"self":[{"href":"https:\/\/pasaenmendoza.com\/index.php?rest_route=\/wp\/v2\/posts\/4744"}],"collection":[{"href":"https:\/\/pasaenmendoza.com\/index.php?rest_route=\/wp\/v2\/posts"}],"about":[{"href":"https:\/\/pasaenmendoza.com\/index.php?rest_route=\/wp\/v2\/types\/post"}],"author":[{"embeddable":true,"href":"https:\/\/pasaenmendoza.com\/index.php?rest_route=\/wp\/v2\/users\/2"}],"replies":[{"embeddable":true,"href":"https:\/\/pasaenmendoza.com\/index.php?rest_route=%2Fwp%2Fv2%2Fcomments&post=4744"}],"version-history":[{"count":1,"href":"https:\/\/pasaenmendoza.com\/index.php?rest_route=\/wp\/v2\/posts\/4744\/revisions"}],"predecessor-version":[{"id":4746,"href":"https:\/\/pasaenmendoza.com\/index.php?rest_route=\/wp\/v2\/posts\/4744\/revisions\/4746"}],"wp:featuredmedia":[{"embeddable":true,"href":"https:\/\/pasaenmendoza.com\/index.php?rest_route=\/wp\/v2\/media\/4745"}],"wp:attachment":[{"href":"https:\/\/pasaenmendoza.com\/index.php?rest_route=%2Fwp%2Fv2%2Fmedia&parent=4744"}],"wp:term":[{"taxonomy":"category","embeddable":true,"href":"https:\/\/pasaenmendoza.com\/index.php?rest_route=%2Fwp%2Fv2%2Fcategories&post=4744"},{"taxonomy":"post_tag","embeddable":true,"href":"https:\/\/pasaenmendoza.com\/index.php?rest_route=%2Fwp%2Fv2%2Ftags&post=4744"}],"curies":[{"name":"wp","href":"https:\/\/api.w.org\/{rel}","templated":true}]}}