{"id":4753,"date":"2024-01-22T14:20:55","date_gmt":"2024-01-22T13:20:55","guid":{"rendered":"https:\/\/pasaenmendoza.com\/?p=4753"},"modified":"2024-01-22T14:20:57","modified_gmt":"2024-01-22T13:20:57","slug":"en-mendoza-los-micros-funcionaran-con-normalidad-este-miercoles-de-paro","status":"publish","type":"post","link":"https:\/\/pasaenmendoza.com\/?p=4753","title":{"rendered":"En Mendoza los micros funcionar\u00e1n con normalidad este mi\u00e9rcoles de paro"},"content":{"rendered":"\n<p>La<strong>\u00a0Confederaci\u00f3n General de los Trabajadores (CGT)\u00a0<\/strong>se encuentra en plena preparaci\u00f3n para realizar un paro general el pr\u00f3ximo 24 de enero, en contra de las medidas impulsadas por el Gobierno de\u00a0<strong>Javier Milei<\/strong>.\u00a0<\/p>\n\n\n\n<p>El<strong>\u00a0Comit\u00e9 Central Confederal (CCC) de la CGT<\/strong>, conformado por\u00a0<strong>H\u00e9ctor Daer, Carlos Acu\u00f1a y Pablo Moyano<\/strong>, junto con la participaci\u00f3n activa de dirigentes estatales, ha convocado a una huelga nacional de 12 horas, que dar\u00e1 inicio al mediod\u00eda del pr\u00f3ximo mi\u00e9rcoles. Asimismo, se ha llamado a una movilizaci\u00f3n hacia el Congreso, coincidiendo con el inicio del debate de la\u00a0<strong>ley \u00f3mnibus<\/strong>\u00a0en el recinto.<\/p>\n\n\n\n<p>En este contexto,\u00a0<strong>Jos\u00e9 Micca, secretario gremial de\u00a0Sindicato del Personal de Micros y \u00d3mnibus de Mendoza (<\/strong>Sipemon<strong>)<\/strong>, ha brindado su perspectiva sobre el funcionamiento del transporte p\u00fablico durante la jornada del 24 de enero, fecha del paro nacional convocado por la CGT.\u00a0<\/p>\n\n\n\n<p><strong>&#8220;Nosotros vamos a trabajar con normalidad,<\/strong>\u00a0respetando a todos los trabajadores de los distintos rubros de la provincia de Mendoza&#8221; enfatiz\u00f3 que el servicio se prestar\u00e1 de manera habitual, describiendo la jornada como &#8220;un d\u00eda normal&#8221;.<\/p>\n\n\n\n<p>Si bien\u00a0<strong>Sipemon<\/strong>\u00a0ha decidido adherir al paro convocado por la\u00a0<strong>CGT<\/strong>,\u00a0<strong>Micca<\/strong>\u00a0aclar\u00f3 que\u00a0<strong>no se acoplar\u00e1n completamente a la medida de fuerza<\/strong>. En relaci\u00f3n con los choferes de la provincia de Mendoza, asegur\u00f3: &#8220;No vamos a parar. No podemos dejar a pie a los trabajadores, no podemos castigarlos. Es muy pronto hacerle un paro a un gobierno que reci\u00e9n comienza&#8221;.\u00a0<\/p>\n\n\n\n<p>El dirigente gremial destac\u00f3 la importancia de evaluar detenidamente los puntos del&nbsp;<strong>Decreto de Necesidad y Urgencia (DNU)<\/strong>, se\u00f1alando que algunos benefician a los trabajadores, mientras que otros plantean inquietudes.<\/p>\n\n\n\n<p><strong>Micca<\/strong>\u00a0tambi\u00e9n hizo hincapi\u00e9 en el buen desempe\u00f1o del transporte en la provincia de Mendoza, destacando que la regi\u00f3n es considerada como una de las mejores en t\u00e9rminos de transporte en la Rep\u00fablica Argentina. &#8220;Dentro de la provincia de Mendoza estamos trabajando muy bien. Somos una de las mejores provincias en materia de transporte de la Rep\u00fablica Argentina. No solo considerado por nosotros, sino por los gremios. Mendoza es un ejemplo a nivel nacional&#8221;, concluy\u00f3.<\/p>\n\n\n\n<p><strong>Fuente: www.mendozapost.com<\/strong><\/p>\n","protected":false},"excerpt":{"rendered":"<p>La\u00a0Confederaci\u00f3n General de los Trabajadores (CGT)\u00a0se encuentra en plena preparaci\u00f3n para realizar un paro general el pr\u00f3ximo 24 de enero, en contra de las medidas impulsadas por el Gobierno de\u00a0Javier Milei.\u00a0 El\u00a0Comit\u00e9 Central Confederal (CCC) de la CGT, conformado por\u00a0H\u00e9ctor Daer, Carlos Acu\u00f1a y Pablo Moyano, junto con la participaci\u00f3n activa de dirigentes estatales, ha [&hellip;]<\/p>\n","protected":false},"author":2,"featured_media":4754,"comment_status":"open","ping_status":"open","sticky":false,"template":"","format":"standard","meta":[],"categories":[80],"tags":[],"_links":{"self":[{"href":"https:\/\/pasaenmendoza.com\/index.php?rest_route=\/wp\/v2\/posts\/4753"}],"collection":[{"href":"https:\/\/pasaenmendoza.com\/index.php?rest_route=\/wp\/v2\/posts"}],"about":[{"href":"https:\/\/pasaenmendoza.com\/index.php?rest_route=\/wp\/v2\/types\/post"}],"author":[{"embeddable":true,"href":"https:\/\/pasaenmendoza.com\/index.php?rest_route=\/wp\/v2\/users\/2"}],"replies":[{"embeddable":true,"href":"https:\/\/pasaenmendoza.com\/index.php?rest_route=%2Fwp%2Fv2%2Fcomments&post=4753"}],"version-history":[{"count":1,"href":"https:\/\/pasaenmendoza.com\/index.php?rest_route=\/wp\/v2\/posts\/4753\/revisions"}],"predecessor-version":[{"id":4755,"href":"https:\/\/pasaenmendoza.com\/index.php?rest_route=\/wp\/v2\/posts\/4753\/revisions\/4755"}],"wp:featuredmedia":[{"embeddable":true,"href":"https:\/\/pasaenmendoza.com\/index.php?rest_route=\/wp\/v2\/media\/4754"}],"wp:attachment":[{"href":"https:\/\/pasaenmendoza.com\/index.php?rest_route=%2Fwp%2Fv2%2Fmedia&parent=4753"}],"wp:term":[{"taxonomy":"category","embeddable":true,"href":"https:\/\/pasaenmendoza.com\/index.php?rest_route=%2Fwp%2Fv2%2Fcategories&post=4753"},{"taxonomy":"post_tag","embeddable":true,"href":"https:\/\/pasaenmendoza.com\/index.php?rest_route=%2Fwp%2Fv2%2Ftags&post=4753"}],"curies":[{"name":"wp","href":"https:\/\/api.w.org\/{rel}","templated":true}]}}