{"id":4757,"date":"2024-01-23T13:22:18","date_gmt":"2024-01-23T12:22:18","guid":{"rendered":"https:\/\/pasaenmendoza.com\/?p=4757"},"modified":"2024-01-23T13:22:20","modified_gmt":"2024-01-23T12:22:20","slug":"el-encuentro-clave-que-mantendra-vargas-arizu-en-san-juan","status":"publish","type":"post","link":"https:\/\/pasaenmendoza.com\/?p=4757","title":{"rendered":"El encuentro clave que mantendr\u00e1 Vargas Arizu en San Juan"},"content":{"rendered":"\n<p>Rodolfo Vargas Arizu fue invitado por su par sanjuanino a un encuentro con las distintas c\u00e1maras y asociaciones de la provincia que representan el sector productivo.<\/p>\n\n\n\n<p><strong>Rodolfo Vargas Arizu<\/strong>, ministro de Producci\u00f3n de Mendoza, visitar\u00e1 este martes la\u00a0<strong>provincia de San Juan<\/strong>, donde mantendr\u00e1 reuniones con su par sanjuanino, Gustavo Fern\u00e1ndez.<\/p>\n\n\n\n<p>Seg\u00fan se inform\u00f3,\u00a0<strong>Vargas Arizu<\/strong>\u00a0arribar\u00e1 a la vecina provincia a mitad de ma\u00f1ana acompa\u00f1ado por una peque\u00f1a comitiva, en la que estar\u00e1 presente el subsecretario de Agricultura y Ganader\u00eda, Sergio Moralejo.<\/p>\n\n\n\n<p>La primera actividad oficial del ministro ser\u00e1 el saludo protocolar al vicegobernador, ya que el gobernador Marcelo Orrego no se encuentra en la capital. El encuentro tendr\u00e1 lugar en el edificio anexo de la Legislatura.<\/p>\n\n\n\n<p>Minutos m\u00e1s tarde,&nbsp;<strong>Vargas Arizu<\/strong>&nbsp;y Fern\u00e1ndez mantendr\u00e1n un breve di\u00e1logo con la prensa local y posteriormente llevar\u00e1n a cavo un encuentro con las distintas c\u00e1maras y asociaciones de la provincia que representan el sector productivo.<\/p>\n\n\n\n<p>Finalmente, los ministros y sus secretarios tendr\u00e1n un almuerzo que dar\u00e1 por concluida la visita oficial a la provincia de San Juan.<\/p>\n\n\n\n<p>FUENTE: Mdzonline<\/p>\n","protected":false},"excerpt":{"rendered":"<p>Rodolfo Vargas Arizu fue invitado por su par sanjuanino a un encuentro con las distintas c\u00e1maras y asociaciones de la provincia que representan el sector productivo. Rodolfo Vargas Arizu, ministro de Producci\u00f3n de Mendoza, visitar\u00e1 este martes la\u00a0provincia de San Juan, donde mantendr\u00e1 reuniones con su par sanjuanino, Gustavo Fern\u00e1ndez. Seg\u00fan se inform\u00f3,\u00a0Vargas Arizu\u00a0arribar\u00e1 a [&hellip;]<\/p>\n","protected":false},"author":2,"featured_media":4758,"comment_status":"open","ping_status":"open","sticky":true,"template":"","format":"standard","meta":[],"categories":[47],"tags":[],"_links":{"self":[{"href":"https:\/\/pasaenmendoza.com\/index.php?rest_route=\/wp\/v2\/posts\/4757"}],"collection":[{"href":"https:\/\/pasaenmendoza.com\/index.php?rest_route=\/wp\/v2\/posts"}],"about":[{"href":"https:\/\/pasaenmendoza.com\/index.php?rest_route=\/wp\/v2\/types\/post"}],"author":[{"embeddable":true,"href":"https:\/\/pasaenmendoza.com\/index.php?rest_route=\/wp\/v2\/users\/2"}],"replies":[{"embeddable":true,"href":"https:\/\/pasaenmendoza.com\/index.php?rest_route=%2Fwp%2Fv2%2Fcomments&post=4757"}],"version-history":[{"count":1,"href":"https:\/\/pasaenmendoza.com\/index.php?rest_route=\/wp\/v2\/posts\/4757\/revisions"}],"predecessor-version":[{"id":4759,"href":"https:\/\/pasaenmendoza.com\/index.php?rest_route=\/wp\/v2\/posts\/4757\/revisions\/4759"}],"wp:featuredmedia":[{"embeddable":true,"href":"https:\/\/pasaenmendoza.com\/index.php?rest_route=\/wp\/v2\/media\/4758"}],"wp:attachment":[{"href":"https:\/\/pasaenmendoza.com\/index.php?rest_route=%2Fwp%2Fv2%2Fmedia&parent=4757"}],"wp:term":[{"taxonomy":"category","embeddable":true,"href":"https:\/\/pasaenmendoza.com\/index.php?rest_route=%2Fwp%2Fv2%2Fcategories&post=4757"},{"taxonomy":"post_tag","embeddable":true,"href":"https:\/\/pasaenmendoza.com\/index.php?rest_route=%2Fwp%2Fv2%2Ftags&post=4757"}],"curies":[{"name":"wp","href":"https:\/\/api.w.org\/{rel}","templated":true}]}}