{"id":4760,"date":"2024-01-23T13:24:56","date_gmt":"2024-01-23T12:24:56","guid":{"rendered":"https:\/\/pasaenmendoza.com\/?p=4760"},"modified":"2024-01-23T13:24:58","modified_gmt":"2024-01-23T12:24:58","slug":"el-gobierno-nacional-designo-al-nuevo-titular-de-la-afip-en-mendoza","status":"publish","type":"post","link":"https:\/\/pasaenmendoza.com\/?p=4760","title":{"rendered":"El Gobierno nacional design\u00f3 al nuevo titular de la AFIP en Mendoza"},"content":{"rendered":"\n<p>Se trata de Juan Bustelo quien ocupar\u00e1 el lugar que ocupaba un exfuncionario de Francisco \u201cPaco\u201d P\u00e9rez, Claudio Gil.<\/p>\n\n\n\n<p>El&nbsp;<strong>Gobierno nacional<\/strong>&nbsp;contin\u00faa designando nuevas autoridades en los diferentes organismos. En este caso, se decidi\u00f3 que<strong>&nbsp;Juan Bustelo&nbsp;<\/strong>sea el nuevo Director Impositivo Regional de la Administraci\u00f3n Federal de Ingresos P\u00fablicos (AFIP), ocupando el cargo que deja vacante&nbsp;<strong>Claudio Gi<\/strong>l, exfuncionario de la gesti\u00f3n de Francisco \u201cPaco\u201d P\u00e9rez.<\/p>\n\n\n\n<p><mark>Seg\u00fan la disposici\u00f3n 12\/2024 publicada este martes en el Bolet\u00edn Oficial, esta decisi\u00f3n se tom\u00f3 luego de que Gil pidiera ser relevado de su cargo, al que hab\u00eda llegado en febrero del 2020 de la mano de Alberto Fern\u00e1ndez.\u00a0<\/mark>A pesar de esto, continuar\u00e1 ejerciendo un cargo dentro de la AFIP, esta vez como Asesor Mayor.<\/p>\n\n\n\n<p>Gil hab\u00eda sido funcionario del gobierno de Francisco \u201cPaco\u201d P\u00e9rez. En febrero del 2012, fue designado como titular de rentas de la gesti\u00f3n del gobernador peronista.<\/p>\n\n\n\n<p>En tanto, su funci\u00f3n m\u00e1s conocida se dio cuando fue designado como el primer titular de la Administraci\u00f3n Tributaria Mendoza (ATM) que fue creada en el gobierno de P\u00e9rez en el a\u00f1o 2013.<\/p>\n\n\n\n<p>FUENTE: Elsol.com.ar <\/p>\n","protected":false},"excerpt":{"rendered":"<p>Se trata de Juan Bustelo quien ocupar\u00e1 el lugar que ocupaba un exfuncionario de Francisco \u201cPaco\u201d P\u00e9rez, Claudio Gil. El&nbsp;Gobierno nacional&nbsp;contin\u00faa designando nuevas autoridades en los diferentes organismos. En este caso, se decidi\u00f3 que&nbsp;Juan Bustelo&nbsp;sea el nuevo Director Impositivo Regional de la Administraci\u00f3n Federal de Ingresos P\u00fablicos (AFIP), ocupando el cargo que deja vacante&nbsp;Claudio Gil, [&hellip;]<\/p>\n","protected":false},"author":2,"featured_media":4761,"comment_status":"open","ping_status":"open","sticky":true,"template":"","format":"standard","meta":[],"categories":[47],"tags":[],"_links":{"self":[{"href":"https:\/\/pasaenmendoza.com\/index.php?rest_route=\/wp\/v2\/posts\/4760"}],"collection":[{"href":"https:\/\/pasaenmendoza.com\/index.php?rest_route=\/wp\/v2\/posts"}],"about":[{"href":"https:\/\/pasaenmendoza.com\/index.php?rest_route=\/wp\/v2\/types\/post"}],"author":[{"embeddable":true,"href":"https:\/\/pasaenmendoza.com\/index.php?rest_route=\/wp\/v2\/users\/2"}],"replies":[{"embeddable":true,"href":"https:\/\/pasaenmendoza.com\/index.php?rest_route=%2Fwp%2Fv2%2Fcomments&post=4760"}],"version-history":[{"count":1,"href":"https:\/\/pasaenmendoza.com\/index.php?rest_route=\/wp\/v2\/posts\/4760\/revisions"}],"predecessor-version":[{"id":4762,"href":"https:\/\/pasaenmendoza.com\/index.php?rest_route=\/wp\/v2\/posts\/4760\/revisions\/4762"}],"wp:featuredmedia":[{"embeddable":true,"href":"https:\/\/pasaenmendoza.com\/index.php?rest_route=\/wp\/v2\/media\/4761"}],"wp:attachment":[{"href":"https:\/\/pasaenmendoza.com\/index.php?rest_route=%2Fwp%2Fv2%2Fmedia&parent=4760"}],"wp:term":[{"taxonomy":"category","embeddable":true,"href":"https:\/\/pasaenmendoza.com\/index.php?rest_route=%2Fwp%2Fv2%2Fcategories&post=4760"},{"taxonomy":"post_tag","embeddable":true,"href":"https:\/\/pasaenmendoza.com\/index.php?rest_route=%2Fwp%2Fv2%2Ftags&post=4760"}],"curies":[{"name":"wp","href":"https:\/\/api.w.org\/{rel}","templated":true}]}}