{"id":4763,"date":"2024-01-23T13:31:13","date_gmt":"2024-01-23T12:31:13","guid":{"rendered":"https:\/\/pasaenmendoza.com\/?p=4763"},"modified":"2024-01-23T13:31:15","modified_gmt":"2024-01-23T12:31:15","slug":"el-vino-sin-retenciones-la-contracara-de-la-cuasimoneda","status":"publish","type":"post","link":"https:\/\/pasaenmendoza.com\/?p=4763","title":{"rendered":"El vino sin retenciones, la contracara de la cuasimoneda"},"content":{"rendered":"\n<p><em>&#8220;Son dos caras de la misma moneda&#8221;<\/em>, resume el dicho popular para explicar situaciones que aparecen contrarias pero conforman la misma realidad.<\/p>\n\n\n\n<p>El debate sobre la ley \u00f3mnibus, presentada oficialmente como la ley de&nbsp;&nbsp;<strong>Bases y Puntos de Partida para la Libertad de los Argentinos<\/strong>, es el centro de las miradas por lo que contiene, pero tambi\u00e9n por lo que representa. Contiene un abanico de reformas que busca la reducci\u00f3n del Estado en versi\u00f3n liberal argenta, es decir, con las urgencias permanentes que responden a las causantes y c\u00edclicas crisis socioecon\u00f3micas de un pa\u00eds siempre al borde de todo.<\/p>\n\n\n\n<p>El viernes 19 el empresario l\u00e1cteo<strong>\u00a0Rub\u00e9n Ferrero<\/strong>\u00a0dijo al aire del programa\u00a0<em>De #6a7<\/em>\u00a0(Radio Jornada FM 91.9) un concepto que \u00e9l mismo se encarg\u00f3 de aclarar que no era propiedad del liberalismo que profesa\u00a0<strong>Javier Milei<\/strong>. &#8220;No se puede gastar m\u00e1s de lo que se recauda, porque de tanto pedir pr\u00e9stamos se terminar\u00e1 vendiendo la casa&#8221;, sintetiz\u00f3 pragm\u00e1ticamente el hombre que hace 55 a\u00f1os elabora leche y sus derivados en Mendoza.<\/p>\n\n\n\n<p>Esa ecuaci\u00f3n se\u00f1alada de manera llana por el productor mendocino es la traducci\u00f3n del postulado presidencial: &#8220;No hay plata&#8221;. Pero tambi\u00e9n es el explicado de las debilidades de las econom\u00edas provinciales y regionales. En ese contexto hay que observar la tendencia de la creaci\u00f3n de cuasimonedas surgida en La Rioja que ya aprob\u00f3 la circulaci\u00f3n en su territorio de los&nbsp;<strong>&#8220;chachos&#8221;<\/strong>, papeles, bonos con respaldo incierto, con los cuales el gobernador Ricardo Quintela pretende paliar su d\u00e9ficit fiscal. Ocurre en la tierra del recordado Carlos Menem sostenida hist\u00f3ricamente por los fondos coparticipables y partidas de recursos especiales de acuerdo al poder de lobby riojano en el gobierno central de turno.<\/p>\n\n\n\n<p>Ese escenario se torna riesgoso porque ahora es en C\u00f3rdoba desde donde resurge esta intenci\u00f3n de la cuasimoneda que denota tambi\u00e9n la crisis mediterr\u00e1nea. Una provincia ultrarefractaria al kirchnerismo y que ha aportado votos decisorios para definir las elecciones de 2015 que llevaron a Macri a la presidencia y algo similar ocurri\u00f3 en esta \u00faltima elecci\u00f3n que subi\u00f3 al podio a Milei.<\/p>\n\n\n\n<p>&#8220;Es muy relevante la ca\u00edda de recursos por un contexto recesivo pero sobre todo por la irresponsabilidad por lo que fue el tratamiento de Ganancias sin ninguna compensaci\u00f3n (para las provincias y que hab\u00eda sido comprometida por Milei a los gobernadores y que\u00a0ahora podr\u00eda restituir). Lo dije oportunamente. Es mucha la p\u00e9rdida de recursos para las provincias&#8221;, asegur\u00f3 hace unas horas, el diputado nacional por Mendoza, el radical\u00a0<strong>Lisandro Nieri\u00a0<\/strong>aludiendo a este problema emergente.<\/p>\n\n\n\n<p>Los colaboradores del gobernador de C\u00f3rdoba Mart\u00edn Llaryora, avisaron que &#8220;en caso de que el Gobierno nacional no ponga en marcha circuitos productivos, a las provincias les ser\u00e1 imposible sostenerse si no existe un auxilio financiero ya que carecer\u00e1n de fondos para hacer frente a sus obligaciones corrientes&#8221;.<\/p>\n\n\n\n<p>Retenci\u00f3n &#8220;cero&#8221;,&nbsp; el alivio del ministro<\/p>\n\n\n\n<p>Veamos la otra cara. observemos a una hipot\u00e9tica moneda que tiene la efigie del presidente Milei acu\u00f1ada con su reciente lema instituido&nbsp;<strong>&#8220;en defensa de la vida, la libertad y la propiedad&#8221;<\/strong>.&nbsp;<\/p>\n\n\n\n<p>Ayer, lunes 22, fue un d\u00eda de distenci\u00f3n, de una sonrisa leve para el ministro de la Producci\u00f3n de Mendoza,\u00a0Rodolfo Vargas Arizu\u00a0porque se confirm\u00f3 que la vitivinicultura estaba sumada al listado de actividades productivas que no tendr\u00edan retenciones a las exportaciones.<\/p>\n\n\n\n<p>Son 34 rubros productivos donde se encuentra la actividad agroindustrial mendocina y eso reconfort\u00f3 a Vargas Arizu porque es un hombre dedicado a la producci\u00f3n vitivin\u00edcola que se incorpor\u00f3 a la pol\u00edtica partidaria como representante del sector afectado, primero y ahora beneficiado con la revisi\u00f3n de la medida fiscal y recaudatoria.<\/p>\n\n\n\n<p>Pero a\u00fan siendo un panorama promisorio, lo fue m\u00e1s para el ministro bodeguero cuando se enter\u00f3 que hay un compromiso asumido por Milei y que est\u00e1 escrito en el proyecto.\u00a0<strong>El Ejecutivo durante un a\u00f1o no podr\u00e1 aumentar las retenciones<\/strong>, por lo que le da previsibilidad a las acciones comerciales fuera del pa\u00eds, un resorte para el vino que pugna por ganar espacios en las g\u00f3ndolas de los grandes centros mundiales de consumo.<\/p>\n\n\n\n<p>FUENTE: Mendozapost.<\/p>\n","protected":false},"excerpt":{"rendered":"<p>&#8220;Son dos caras de la misma moneda&#8221;, resume el dicho popular para explicar situaciones que aparecen contrarias pero conforman la misma realidad. El debate sobre la ley \u00f3mnibus, presentada oficialmente como la ley de&nbsp;&nbsp;Bases y Puntos de Partida para la Libertad de los Argentinos, es el centro de las miradas por lo que contiene, pero [&hellip;]<\/p>\n","protected":false},"author":2,"featured_media":4764,"comment_status":"open","ping_status":"open","sticky":true,"template":"","format":"standard","meta":[],"categories":[47],"tags":[],"_links":{"self":[{"href":"https:\/\/pasaenmendoza.com\/index.php?rest_route=\/wp\/v2\/posts\/4763"}],"collection":[{"href":"https:\/\/pasaenmendoza.com\/index.php?rest_route=\/wp\/v2\/posts"}],"about":[{"href":"https:\/\/pasaenmendoza.com\/index.php?rest_route=\/wp\/v2\/types\/post"}],"author":[{"embeddable":true,"href":"https:\/\/pasaenmendoza.com\/index.php?rest_route=\/wp\/v2\/users\/2"}],"replies":[{"embeddable":true,"href":"https:\/\/pasaenmendoza.com\/index.php?rest_route=%2Fwp%2Fv2%2Fcomments&post=4763"}],"version-history":[{"count":1,"href":"https:\/\/pasaenmendoza.com\/index.php?rest_route=\/wp\/v2\/posts\/4763\/revisions"}],"predecessor-version":[{"id":4765,"href":"https:\/\/pasaenmendoza.com\/index.php?rest_route=\/wp\/v2\/posts\/4763\/revisions\/4765"}],"wp:featuredmedia":[{"embeddable":true,"href":"https:\/\/pasaenmendoza.com\/index.php?rest_route=\/wp\/v2\/media\/4764"}],"wp:attachment":[{"href":"https:\/\/pasaenmendoza.com\/index.php?rest_route=%2Fwp%2Fv2%2Fmedia&parent=4763"}],"wp:term":[{"taxonomy":"category","embeddable":true,"href":"https:\/\/pasaenmendoza.com\/index.php?rest_route=%2Fwp%2Fv2%2Fcategories&post=4763"},{"taxonomy":"post_tag","embeddable":true,"href":"https:\/\/pasaenmendoza.com\/index.php?rest_route=%2Fwp%2Fv2%2Ftags&post=4763"}],"curies":[{"name":"wp","href":"https:\/\/api.w.org\/{rel}","templated":true}]}}