{"id":4766,"date":"2024-01-23T13:36:56","date_gmt":"2024-01-23T12:36:56","guid":{"rendered":"https:\/\/pasaenmendoza.com\/?p=4766"},"modified":"2024-01-23T13:36:58","modified_gmt":"2024-01-23T12:36:58","slug":"paro-general-de-la-cgt-en-mendoza-habra-micros-pero-comercios-y-bancos-atenderan-medio-dia","status":"publish","type":"post","link":"https:\/\/pasaenmendoza.com\/?p=4766","title":{"rendered":"Paro general de la CGT: en Mendoza habr\u00e1 micros pero comercios y bancos atender\u00e1n medio d\u00eda"},"content":{"rendered":"\n<p>La adhesi\u00f3n al paro general de la CGT parece dispar en Mendoza. El gremio de los choferes de colectivo no se plegar\u00e1, pero s\u00ed lo har\u00e1n los empleados de comercio y los bancarios, adem\u00e1s de camioneros<\/p>\n\n\n\n<p>La adhesi\u00f3n al\u00a0<strong>paro general de la CGT<\/strong>\u00a0previsto para este mi\u00e9rcoles se avizora como dispar en Mendoza. Es que\u00a0<strong>el gremio que nuclea a los choferes de colectivo no se plegar\u00e1,<\/strong>\u00a0lo que asegura que\u00a0<strong>habr\u00e1 micros durante toda la jornada<\/strong>, como en un d\u00eda h\u00e1bil. S\u00ed lo har\u00e1n los sindicatos de empleados de comercio y tambi\u00e9n los que nuclean a los bancarios.<\/p>\n\n\n\n<p>A un d\u00eda del primer\u00a0<strong>paro general<\/strong>\u00a0contra el Gobierno de Javier Milei, hay datos que llevan a pensar que en la provincia podr\u00eda no ser todo lo convocante que pensaron los organizadores.<\/p>\n\n\n\n<p>En la provincia la\u00a0<strong>Confederaci\u00f3n General del Trabajo llam\u00f3 a concentrarse a las 12 frente a la Legislatura<\/strong>, en Sarmiento y Patricias Mendocinas de Ciudad y all\u00ed manifestarse, ya que no se movilizar\u00e1n.<\/p>\n\n\n\n<p>Y si bien&nbsp;<strong>se esperaba que todos los gremios que conforman la CGT se plegaran<\/strong>, uno de los m\u00e1s determinantes, Sipemon -que representa a los choferes de colectivos-, ya confirm\u00f3 que no har\u00e1 paro y garantiz\u00f3 todas las frecuencias de micros de un d\u00eda normal.<\/p>\n\n\n\n<p>&#8220;Nosotros\u00a0<strong>no nos vamos a acoplar al paro.\u00a0Vamos a trabajar normalmente<\/strong>, como estamos trabajando hoy. Va a haber las mismas frecuencias con los mismos horarios de un d\u00eda h\u00e1bil&#8221;, ratific\u00f3\u00a0<strong>Jos\u00e9 Micca<\/strong>, el titular de aquel gremio a radio Nihuil.<\/p>\n\n\n\n<p>El sindicalista&nbsp;<strong>se desmarc\u00f3 de la Confederaci\u00f3n General del Trabajo y calific\u00f3 la medida como &#8220;prematura&#8221;<\/strong>, en referencia a que se concreta a un mes y medio de la gesti\u00f3n de Javier Milei.<\/p>\n\n\n\n<p>Con ese servicio de transporte asegurado, sumado a que&nbsp;<strong>en el Gobierno ya adelantaron que van a descontar el d\u00eda a los empleados p\u00fablicos que hagan paro<\/strong>,&nbsp;<strong>es probable que la adhesi\u00f3n a la medida de fuerza se vea disminuida<\/strong>&nbsp;ya que a quienes ten\u00edan la excusa de no ir a trabajar por falta de transporte p\u00fablico, ahora se les cae el argumento.<\/p>\n\n\n\n<p>En cambio, los trabajadores de la<strong>&nbsp;Sociedad de Transporte de Mendoza, STM, que comandan el Metrotranv\u00eda y los colectivos de la l\u00ednea 100, confirmaron que s\u00ed van a plegarse al paro y lo har\u00e1n de 19 a 0 hs.<\/strong><\/p>\n\n\n\n<p>&#8220;Con los secretarios generales de todo el pa\u00eds y el Consejo Nacional de UTA se decidi\u00f3 hacer el paro en ese horario.\u00a0<strong>Sin embargo vamos a concentrar como todos a las 12 en la Legislatura<\/strong>\u00a0y tambi\u00e9n se garantiz\u00f3 la cobertura m\u00ednima&#8221;, puntualiz\u00f3\u00a0<strong>Maximiliano Molina<\/strong>, secretario general de ese gremio en Mendoza.<\/p>\n\n\n\n<h2 class=\"wp-block-heading\">Comercios y bancos funcionar\u00e1n normalmente hasta las 12<\/h2>\n\n\n\n<p><strong>El Centro de Empleados de Comercio (CEC) confirm\u00f3 su participaci\u00f3n en el\u00a0paro convocado por la Confederaci\u00f3n General del Trabajo (CGT) para el pr\u00f3ximo 24 de enero con un comunicado.<\/strong><\/p>\n\n\n\n<p>As\u00ed lo ratific\u00f3 el&nbsp;<strong>titular del gremio, Fernando Ligorria,&nbsp;<\/strong>y argument\u00f3 que para ese sindicato las medidas del presidente Javier Milei atentan contra los derechos laborales.<\/p>\n\n\n\n<p>Entre las razones de acompa\u00f1ar a la medida nacional, se esgrimi\u00f3 que &#8220;el mencionado instrumento<strong>&nbsp;viola de manera humillante el derecho de los trabajadores consagrados en el art\u00edculo 14 bis de la Constituci\u00f3n Nacional&#8221;<\/strong>.<\/p>\n\n\n\n<p>Y ampli\u00f3: &#8220;De prosperar la iniciativa nacional, los trabajadores se ver\u00e1n afectados en su&nbsp;<strong>estabilidad laboral, sistema indemnizatorio por despido sin justa causa, limitaci\u00f3n de la jornada de trabajo; y pago de las horas extras, falta o deficiente registraci\u00f3n laboral, tercerizaci\u00f3n de prestaciones laborales<\/strong>, renunciabilidad a derechos adquiridos (&#8230;)&#8221;.<\/p>\n\n\n\n<p>Por su lado,\u00a0<strong>tambi\u00e9n los empleados de bancos\u00a0<\/strong>se plegar\u00e1n a la medida desde las 12. As\u00ed lo comunic\u00f3 la\u00a0<strong>Asociaci\u00f3n Bancaria, que anunci\u00f3 que se sumar\u00e1 a la medida de fuerza\u00a0<\/strong>para mostrar su rechazo al Decreto de Necesidad y Urgencia.<\/p>\n\n\n\n<p>\u201cLo que hemos coordinado es que&nbsp;<strong>la actividad en los bancos de 8 a 12 sea normal,&nbsp;<\/strong>por eso a los adultos mayores les decimos que si tienen que hacer alg\u00fan tr\u00e1mite lo hagan temprano que lo vamos a atender. Por lo general un d\u00eda 24 de mes no hay gran actividad y no es d\u00eda de pago, por lo que intuimos que no habr\u00e1 gran volumen de clientes, pero vamos a estar. Luego nos concentramos en la Legislatura\u201d, confirm\u00f3 Sergio Gim\u00e9nez, secretario general de ese gremio en Mendoza.<\/p>\n\n\n\n<p>Adem\u00e1s de esos gremios de trabajadores privados, se sumar\u00e1n tambi\u00e9n el sindicato de Camioneros, cuyo secretario general&nbsp;<strong>Ricardo Letard es tambi\u00e9n el secretario general de la CGT en Mendoza.<\/strong><\/p>\n\n\n\n<p>En el listado de adhesiones al paro tambi\u00e9n figuran<strong>&nbsp;la Uni\u00f3n Obrera Mendocina (UOM), Sindicato Argentino de Docentes Privados (SADOP) y La Asociaci\u00f3n de Trabajadores de la Industria Lechera (Atilra)<\/strong>, entre otros.<\/p>\n\n\n\n<p>En el caso de los trabajadores estatales, seg\u00fan confirm\u00f3\u00a0<strong>Roberto Macho<\/strong>, secretario general de la\u00a0<strong>Asociaci\u00f3n de Trabajadores del Estado<\/strong>\u00a0(ATE, tambi\u00e9n se plegar\u00e1n al reclamo nacional. A la medida de fuerza tambi\u00e9n se apuntaron los empleados bancarios).<\/p>\n\n\n\n<p>FUENTE: Diariouno.com.ar <\/p>\n","protected":false},"excerpt":{"rendered":"<p>La adhesi\u00f3n al paro general de la CGT parece dispar en Mendoza. El gremio de los choferes de colectivo no se plegar\u00e1, pero s\u00ed lo har\u00e1n los empleados de comercio y los bancarios, adem\u00e1s de camioneros La adhesi\u00f3n al\u00a0paro general de la CGT\u00a0previsto para este mi\u00e9rcoles se avizora como dispar en Mendoza. Es que\u00a0el gremio [&hellip;]<\/p>\n","protected":false},"author":2,"featured_media":4769,"comment_status":"open","ping_status":"open","sticky":true,"template":"","format":"standard","meta":[],"categories":[47],"tags":[],"_links":{"self":[{"href":"https:\/\/pasaenmendoza.com\/index.php?rest_route=\/wp\/v2\/posts\/4766"}],"collection":[{"href":"https:\/\/pasaenmendoza.com\/index.php?rest_route=\/wp\/v2\/posts"}],"about":[{"href":"https:\/\/pasaenmendoza.com\/index.php?rest_route=\/wp\/v2\/types\/post"}],"author":[{"embeddable":true,"href":"https:\/\/pasaenmendoza.com\/index.php?rest_route=\/wp\/v2\/users\/2"}],"replies":[{"embeddable":true,"href":"https:\/\/pasaenmendoza.com\/index.php?rest_route=%2Fwp%2Fv2%2Fcomments&post=4766"}],"version-history":[{"count":1,"href":"https:\/\/pasaenmendoza.com\/index.php?rest_route=\/wp\/v2\/posts\/4766\/revisions"}],"predecessor-version":[{"id":4770,"href":"https:\/\/pasaenmendoza.com\/index.php?rest_route=\/wp\/v2\/posts\/4766\/revisions\/4770"}],"wp:featuredmedia":[{"embeddable":true,"href":"https:\/\/pasaenmendoza.com\/index.php?rest_route=\/wp\/v2\/media\/4769"}],"wp:attachment":[{"href":"https:\/\/pasaenmendoza.com\/index.php?rest_route=%2Fwp%2Fv2%2Fmedia&parent=4766"}],"wp:term":[{"taxonomy":"category","embeddable":true,"href":"https:\/\/pasaenmendoza.com\/index.php?rest_route=%2Fwp%2Fv2%2Fcategories&post=4766"},{"taxonomy":"post_tag","embeddable":true,"href":"https:\/\/pasaenmendoza.com\/index.php?rest_route=%2Fwp%2Fv2%2Ftags&post=4766"}],"curies":[{"name":"wp","href":"https:\/\/api.w.org\/{rel}","templated":true}]}}