{"id":4767,"date":"2024-01-23T13:41:15","date_gmt":"2024-01-23T12:41:15","guid":{"rendered":"https:\/\/pasaenmendoza.com\/?p=4767"},"modified":"2024-01-23T13:41:17","modified_gmt":"2024-01-23T12:41:17","slug":"el-tiempo-en-mendoza-martes-muy-caluroso-con-alerta-por-temperaturas-extremas","status":"publish","type":"post","link":"https:\/\/pasaenmendoza.com\/?p=4767","title":{"rendered":"El tiempo en Mendoza: martes muy caluroso, con alerta por temperaturas extremas"},"content":{"rendered":"\n<p>El&nbsp;<strong>martes&nbsp;<\/strong>arranca muy caluroso e inestable con nubosidad variable, vientos moderados del noreste. Tormentas aisladas.&nbsp;<mark>La m\u00ednima ser\u00e1 de 22 grados y la m\u00e1xima trepar\u00e1 a los 35.<\/mark><\/p>\n\n\n\n<p>Adem\u00e1s, el\u00a0<strong>Servicio Meteorol\u00f3gico Nacional (SMN)\u00a0<\/strong>emiti\u00f3 un\u00a0<mark>alerta amarilla por temperaturas extremas.<\/mark>\u00a0El fen\u00f3meno afectar\u00e1 el Este de Las Heras, Lavalle, La Paz, San Mart\u00edn, Santa Rosa, zonas bajas de General Alvear y San Rafael.<\/p>\n\n\n\n<p>El\u00a0<strong>mi\u00e9rcoles<\/strong>\u00a0contin\u00faa la ola de calor y el term\u00f3metro aumenta a\u00fan m\u00e1s. Para la jornada se prev\u00e9: \u201cCaluroso con nubosidad variable, vientos moderados del noreste\u201d.\u00a0<mark>La m\u00ednima ser\u00e1 de 22 grados y la m\u00e1xima de 37.<\/mark><\/p>\n\n\n\n<p>Para el\u00a0<strong>jueves<\/strong>\u00a0se pronostica una jornada muy calurosa con nubosidad variable, vientos moderados del noreste.\u00a0<mark>La m\u00ednima ser\u00e1 de 24 grados y la m\u00e1xima de 39.<\/mark><\/p>\n\n\n\n<p><strong>La situaci\u00f3n en alta monta\u00f1a<\/strong><\/p>\n\n\n\n<p>El&nbsp;<strong>Sistema Integrado Cristo Redentor<\/strong>&nbsp;se encuentra&nbsp;<mark>habilitado<\/mark>&nbsp;para todo tipo de veh\u00edculos, durante las 24 horas.<\/p>\n\n\n\n<p>El\u00a0<strong>paso Pehuenche<\/strong>\u00a0est\u00e1\u00a0<mark>transitable<\/mark>, de 9 a 19.<\/p>\n\n\n\n<p><strong>Fuente: www.elsol.com.ar<\/strong><\/p>\n","protected":false},"excerpt":{"rendered":"<p>El&nbsp;martes&nbsp;arranca muy caluroso e inestable con nubosidad variable, vientos moderados del noreste. Tormentas aisladas.&nbsp;La m\u00ednima ser\u00e1 de 22 grados y la m\u00e1xima trepar\u00e1 a los 35. Adem\u00e1s, el\u00a0Servicio Meteorol\u00f3gico Nacional (SMN)\u00a0emiti\u00f3 un\u00a0alerta amarilla por temperaturas extremas.\u00a0El fen\u00f3meno afectar\u00e1 el Este de Las Heras, Lavalle, La Paz, San Mart\u00edn, Santa Rosa, zonas bajas de General Alvear [&hellip;]<\/p>\n","protected":false},"author":2,"featured_media":4773,"comment_status":"open","ping_status":"open","sticky":false,"template":"","format":"standard","meta":[],"categories":[52],"tags":[],"_links":{"self":[{"href":"https:\/\/pasaenmendoza.com\/index.php?rest_route=\/wp\/v2\/posts\/4767"}],"collection":[{"href":"https:\/\/pasaenmendoza.com\/index.php?rest_route=\/wp\/v2\/posts"}],"about":[{"href":"https:\/\/pasaenmendoza.com\/index.php?rest_route=\/wp\/v2\/types\/post"}],"author":[{"embeddable":true,"href":"https:\/\/pasaenmendoza.com\/index.php?rest_route=\/wp\/v2\/users\/2"}],"replies":[{"embeddable":true,"href":"https:\/\/pasaenmendoza.com\/index.php?rest_route=%2Fwp%2Fv2%2Fcomments&post=4767"}],"version-history":[{"count":1,"href":"https:\/\/pasaenmendoza.com\/index.php?rest_route=\/wp\/v2\/posts\/4767\/revisions"}],"predecessor-version":[{"id":4774,"href":"https:\/\/pasaenmendoza.com\/index.php?rest_route=\/wp\/v2\/posts\/4767\/revisions\/4774"}],"wp:featuredmedia":[{"embeddable":true,"href":"https:\/\/pasaenmendoza.com\/index.php?rest_route=\/wp\/v2\/media\/4773"}],"wp:attachment":[{"href":"https:\/\/pasaenmendoza.com\/index.php?rest_route=%2Fwp%2Fv2%2Fmedia&parent=4767"}],"wp:term":[{"taxonomy":"category","embeddable":true,"href":"https:\/\/pasaenmendoza.com\/index.php?rest_route=%2Fwp%2Fv2%2Fcategories&post=4767"},{"taxonomy":"post_tag","embeddable":true,"href":"https:\/\/pasaenmendoza.com\/index.php?rest_route=%2Fwp%2Fv2%2Ftags&post=4767"}],"curies":[{"name":"wp","href":"https:\/\/api.w.org\/{rel}","templated":true}]}}