{"id":4768,"date":"2024-01-23T14:07:10","date_gmt":"2024-01-23T13:07:10","guid":{"rendered":"https:\/\/pasaenmendoza.com\/?p=4768"},"modified":"2024-01-23T14:07:48","modified_gmt":"2024-01-23T13:07:48","slug":"pami-investiga-a-un-funcionario-de-alvear-que-encontro-una-billetera-se-la-guardo-y-quedo-filmado","status":"publish","type":"post","link":"https:\/\/pasaenmendoza.com\/?p=4768","title":{"rendered":"PAMI investiga a un funcionario de Alvear que encontr\u00f3 una billetera, se la guard\u00f3 y qued\u00f3 filmado"},"content":{"rendered":"\n<p>Un enorme revuelo se arm\u00f3 en&nbsp;<strong>General Alvear<\/strong>&nbsp;luego de que se difundiera un&nbsp;<strong>video en el que se ve a un funcionario de PAMI de esa delegaci\u00f3n encontrar una billetera en una estaci\u00f3n de servicio y guard\u00e1rsela.<\/strong>&nbsp;M\u00e1s tarde se supo que era de un camionero brasile\u00f1o que, al no encontrarla, perdi\u00f3 un d\u00eda de viaje. Tal dimensi\u00f3n cobr\u00f3 el video que el&nbsp;<strong>Concejo Deliberante pedir\u00e1 que se lo separe del cargo, y en el PAMI se inici\u00f3 una investigaci\u00f3n interna.<\/strong><\/p>\n\n\n\n<p>El hecho se conoci\u00f3 este fin de semana, pero ocurri\u00f3 en noviembre pasado cuando&nbsp;<strong>Javier Fagetti, jefe de la agencia de PAMI de Alvear encontr\u00f3 una billetera en una estaci\u00f3n de servicio de San Mart\u00edn<\/strong>, a la que lleg\u00f3 luego de que se le rompiera su veh\u00edculo en la ruta 7.<\/p>\n\n\n\n<p>En las im\u00e1genes se ve que el minimarket de la estaci\u00f3n est\u00e1 vac\u00edo, cuando el funcionario ingresa junto a una mujer. Al dirigirse a una mesa del caf\u00e9 ve la billetera en un asiento, la toma, duda en si entregarla o no y se la lleva a su mesa en donde la revisa.<\/p>\n\n\n\n<p>&#8220;<strong>Vi si ten\u00eda documentaci\u00f3n, o c\u00f3mo encontrar al due\u00f1o, pero no ten\u00eda nada, s\u00f3lo papelitos<\/strong>. Y justo lleg\u00f3 la gr\u00faa que estaba esperando yo y como&nbsp;<strong>no sab\u00eda qu\u00e9 hacer con la billetera, la dej\u00e9 en un cantero<\/strong>&#8220;, cont\u00f3 el mismo Fagetti a medios televisivos de Alvear.<\/p>\n\n\n\n<p>Sin embargo, luego de que se conociera el video, desde el Concejo Deliberante decidieron pedirle al subdirector del PAMI, Eduardo Hern\u00e1ndez que lo removiera del cargo.<\/p>\n\n\n\n<p><strong>Lo dicho por Fagetti no coincide con lo que habr\u00eda declarado tambi\u00e9n la encargada de la estaci\u00f3n de servicio.<\/strong>&nbsp;&#8220;Ella indic\u00f3 que el due\u00f1o de la billetera era un camionero brasile\u00f1o que por perder su billetera no hab\u00eda podido continuar con su viaje y volvi\u00f3 a buscarla a la estaci\u00f3n. Ah\u00ed fue cuando ellos revisaron las c\u00e1maras, lo vieron en el video, contactaron al hombre de la gr\u00faa que lleg\u00f3 y as\u00ed lograron dar con Fagetti para que dijera d\u00f3nde estaba la billetera&#8221;, aportaron desde ese cuerpo deliberativo.<\/p>\n\n\n\n<p>Al parecer esa misma empleada hab\u00eda contado a los medios alvearenses que el camionero brasile\u00f1o perdi\u00f3 un d\u00eda de trabajo hasta que lograron dar con Fagetti, y que decidi\u00f3 no hacer la denuncia porque cuando encontr\u00f3 la billetera tirada cerca de un cantero, dio con su carnet de conducir, que era lo que necesitaba para seguir viaje a Chile, que era su destino final.<\/p>\n\n\n\n<p>&#8220;El testimonio del conductor de la gr\u00faa tambi\u00e9n es clave, porque cont\u00f3 que Fagetti le ofreci\u00f3 pagarle en reales&#8221;, aportaron desde el Concejo Deliberante.<\/p>\n\n\n\n<h2 class=\"wp-block-heading\">El video dispar\u00f3 una investigaci\u00f3n interna en PAMI<\/h2>\n\n\n\n<p>Luego de conocer los detalles del video de Fagetti, el<strong>&nbsp;subdirector de PAMI de Alvear, el m\u00e9dico Eudardo Hern\u00e1ndez<\/strong>&nbsp;confirm\u00f3 a Diario UNO que decidio&nbsp;<strong>iniciar una investigaci\u00f3n interna y derivar la situaci\u00f3n al \u00e1rea jur\u00eddica<\/strong>.<\/p>\n\n\n\n<p>&#8220;He visto el video y necesito confirmar qu\u00e9 hacer con el \u00e1rea jur\u00eddica. M\u00e1s all\u00e1 de que eso ocurri\u00f3 hace dos meses no deja de ser un hecho grave. Por eso pretendo que se lo cite y que \u00e9l d\u00e9 su versi\u00f3n de lo que ocurri\u00f3. Para eso abrimos una investigaci\u00f3n interna de donde saldr\u00e1 la decisi\u00f3n que se tome sobre su continuidad&#8221;, remarc\u00f3 el funcionario nacional.<\/p>\n\n\n\n<p>Hern\u00e1ndez confirm\u00f3 que Fagetti tiene 4 a\u00f1os de antig\u00fcedad trabajando en esa delegaci\u00f3n y que su cargo es jefe de la agencia de PAMI.<\/p>\n\n\n\n<h2 class=\"wp-block-heading\">Un funcionario que se burl\u00f3 de caso Nisman<\/h2>\n\n\n\n<p>Javier Fagetti no es un desconocido para los vecinos de Alvear. De profesi\u00f3n es odont\u00f3logo y ya ocup\u00f3 un cargo p\u00fablico en la gesti\u00f3n del ex intendente peronista, Juan Carlos De Paolo.<\/p>\n\n\n\n<p>Hace poco m\u00e1s de 9 a\u00f1os,&nbsp;<strong>cuando se conoci\u00f3 la muerte del ex fiscal de la causa AMIA, Alberto Nisman, \u00e9l era titular del \u00e1rea de Derechos Humanos<\/strong>&nbsp;y se hizo conocido con una foto en el que&nbsp;<strong>posa con el torso desnudo y con dos mu\u00f1ecas desnudas, bajo el t\u00edtulo de &#8220;Yo soy Nisman&#8221;.<\/strong><\/p>\n\n\n\n<p>Ese posteo suyo le trajo un fuerte dolor de cabeza al ex intendente que le pidi\u00f3 la renuncia y lo reemplaz\u00f3 r\u00e1pidamente luego de hacer p\u00fablico que lamentaba los ofensivos posteos de Fagetti.<\/p>\n\n\n\n<p>M\u00e1s cerca en el tiempo y ya desde su cargo en el PAMI, en medio de la campa\u00f1a electoral nacional, cuando se debat\u00eda la presidencia entre Javier Milei y Sergio Massa, el odont\u00f3logo tambi\u00e9n subi\u00f3 a sus redes un cartel con el lema: &#8220;Medicamentos gratis o Milei. No te regales&#8221;.<\/p>\n\n\n\n<p>Luego se quej\u00f3 en las redes que le hab\u00edan robado el cartel y lo denunci\u00f3 en la polic\u00eda.<\/p>\n\n\n\n<p><strong>Fuente: www.diariouno.com.ar<\/strong><\/p>\n","protected":false},"excerpt":{"rendered":"<p>Un enorme revuelo se arm\u00f3 en&nbsp;General Alvear&nbsp;luego de que se difundiera un&nbsp;video en el que se ve a un funcionario de PAMI de esa delegaci\u00f3n encontrar una billetera en una estaci\u00f3n de servicio y guard\u00e1rsela.&nbsp;M\u00e1s tarde se supo que era de un camionero brasile\u00f1o que, al no encontrarla, perdi\u00f3 un d\u00eda de viaje. Tal dimensi\u00f3n [&hellip;]<\/p>\n","protected":false},"author":2,"featured_media":4784,"comment_status":"open","ping_status":"open","sticky":false,"template":"","format":"standard","meta":[],"categories":[89],"tags":[],"_links":{"self":[{"href":"https:\/\/pasaenmendoza.com\/index.php?rest_route=\/wp\/v2\/posts\/4768"}],"collection":[{"href":"https:\/\/pasaenmendoza.com\/index.php?rest_route=\/wp\/v2\/posts"}],"about":[{"href":"https:\/\/pasaenmendoza.com\/index.php?rest_route=\/wp\/v2\/types\/post"}],"author":[{"embeddable":true,"href":"https:\/\/pasaenmendoza.com\/index.php?rest_route=\/wp\/v2\/users\/2"}],"replies":[{"embeddable":true,"href":"https:\/\/pasaenmendoza.com\/index.php?rest_route=%2Fwp%2Fv2%2Fcomments&post=4768"}],"version-history":[{"count":4,"href":"https:\/\/pasaenmendoza.com\/index.php?rest_route=\/wp\/v2\/posts\/4768\/revisions"}],"predecessor-version":[{"id":4787,"href":"https:\/\/pasaenmendoza.com\/index.php?rest_route=\/wp\/v2\/posts\/4768\/revisions\/4787"}],"wp:featuredmedia":[{"embeddable":true,"href":"https:\/\/pasaenmendoza.com\/index.php?rest_route=\/wp\/v2\/media\/4784"}],"wp:attachment":[{"href":"https:\/\/pasaenmendoza.com\/index.php?rest_route=%2Fwp%2Fv2%2Fmedia&parent=4768"}],"wp:term":[{"taxonomy":"category","embeddable":true,"href":"https:\/\/pasaenmendoza.com\/index.php?rest_route=%2Fwp%2Fv2%2Fcategories&post=4768"},{"taxonomy":"post_tag","embeddable":true,"href":"https:\/\/pasaenmendoza.com\/index.php?rest_route=%2Fwp%2Fv2%2Ftags&post=4768"}],"curies":[{"name":"wp","href":"https:\/\/api.w.org\/{rel}","templated":true}]}}