{"id":4775,"date":"2024-01-23T13:48:01","date_gmt":"2024-01-23T12:48:01","guid":{"rendered":"https:\/\/pasaenmendoza.com\/?p=4775"},"modified":"2024-01-23T13:48:02","modified_gmt":"2024-01-23T12:48:02","slug":"fotos-mataron-a-un-joven-de-24-anos-durante-un-tiroteo-en-el-fuerte-apache-de-ciudad","status":"publish","type":"post","link":"https:\/\/pasaenmendoza.com\/?p=4775","title":{"rendered":"Fotos: mataron a un joven de 24 a\u00f1os durante un tiroteo en el Fuerte Apache de Ciudad"},"content":{"rendered":"\n<p>Un joven de 24 a\u00f1os fue asesinado en medio de un tiroteo la tarde de este lunes en el&nbsp;<strong>barrio Alto Mendoza II<\/strong>, m\u00e1s conocido como&nbsp;<strong>Fuerte Apache<\/strong>, en el oeste de&nbsp;<strong>Ciudad<\/strong>. La v\u00edctima fue identificada como&nbsp;<strong>Nicol\u00e1s Ezequiel Carmona G\u00f3mez<\/strong>.<\/p>\n\n\n\n<p>Fuentes policiales revelaron a&nbsp;<em><strong>El Sol&nbsp;<\/strong><\/em>que el hecho de sangre se registr\u00f3 cerca de las 18.40 cuando una mujer se comunic\u00f3 con la l\u00ednea de emergencias 911 y alert\u00f3 sobre una balacera en ese complejo de monoblocks, ubicado en el coraz\u00f3n del&nbsp;<strong>barrio San Mart\u00edn<\/strong>.<\/p>\n\n\n\n<p>La llamante tambi\u00e9n agreg\u00f3 que\u00a0<mark>un sujeto estaba tendido en el piso con manchas de sangre en el rostro, cerca de la torre H, sobre\u00a0<strong>calle Cacheuta<\/strong><\/mark>.<\/p>\n\n\n\n<p>Ante eso, se desplaz\u00f3 de inmediato a personal policial de la jurisdicci\u00f3n y una ambulancia del\u00a0<strong>Servicio de Emergencias Coordinado<\/strong>\u00a0(<strong>SEC<\/strong>).<\/p>\n\n\n\n<p>Luego de la llegada de los efectivos y el personal m\u00e9dico, se constat\u00f3 el deceso de Carmona G\u00f3mez, oriundo del\u00a0<strong>barrio Jard\u00edn Central<\/strong>, otro complejo de ese sector capitalino localizado detr\u00e1s de la\u00a0<strong>Comisar\u00eda 33\u00aa<\/strong>.<\/p>\n\n\n\n<p>A partir de all\u00ed tom\u00f3 intervenci\u00f3n la<strong>\u00a0fiscal de Homicidios Claudia R\u00edos<\/strong>, quien lider\u00f3 las tareas del personal de Investigaciones y de la\u00a0<strong>Polic\u00eda Cient\u00edfica\u00a0<\/strong>en la escena.<\/p>\n\n\n\n<p>La informaci\u00f3n a la que accedi\u00f3 este diario sostiene que\u00a0<mark>algunos de los agresores se encuentran identificados desde un primer momento, ya que fueron vistos por testigos cuando se daban a la fuga del lugar<\/mark>.<\/p>\n\n\n\n<p><strong>Fuente: www.elsol.com.ar<\/strong><\/p>\n","protected":false},"excerpt":{"rendered":"<p>Un joven de 24 a\u00f1os fue asesinado en medio de un tiroteo la tarde de este lunes en el&nbsp;barrio Alto Mendoza II, m\u00e1s conocido como&nbsp;Fuerte Apache, en el oeste de&nbsp;Ciudad. La v\u00edctima fue identificada como&nbsp;Nicol\u00e1s Ezequiel Carmona G\u00f3mez. Fuentes policiales revelaron a&nbsp;El Sol&nbsp;que el hecho de sangre se registr\u00f3 cerca de las 18.40 cuando una [&hellip;]<\/p>\n","protected":false},"author":2,"featured_media":4776,"comment_status":"open","ping_status":"open","sticky":false,"template":"","format":"standard","meta":[],"categories":[48],"tags":[],"_links":{"self":[{"href":"https:\/\/pasaenmendoza.com\/index.php?rest_route=\/wp\/v2\/posts\/4775"}],"collection":[{"href":"https:\/\/pasaenmendoza.com\/index.php?rest_route=\/wp\/v2\/posts"}],"about":[{"href":"https:\/\/pasaenmendoza.com\/index.php?rest_route=\/wp\/v2\/types\/post"}],"author":[{"embeddable":true,"href":"https:\/\/pasaenmendoza.com\/index.php?rest_route=\/wp\/v2\/users\/2"}],"replies":[{"embeddable":true,"href":"https:\/\/pasaenmendoza.com\/index.php?rest_route=%2Fwp%2Fv2%2Fcomments&post=4775"}],"version-history":[{"count":1,"href":"https:\/\/pasaenmendoza.com\/index.php?rest_route=\/wp\/v2\/posts\/4775\/revisions"}],"predecessor-version":[{"id":4777,"href":"https:\/\/pasaenmendoza.com\/index.php?rest_route=\/wp\/v2\/posts\/4775\/revisions\/4777"}],"wp:featuredmedia":[{"embeddable":true,"href":"https:\/\/pasaenmendoza.com\/index.php?rest_route=\/wp\/v2\/media\/4776"}],"wp:attachment":[{"href":"https:\/\/pasaenmendoza.com\/index.php?rest_route=%2Fwp%2Fv2%2Fmedia&parent=4775"}],"wp:term":[{"taxonomy":"category","embeddable":true,"href":"https:\/\/pasaenmendoza.com\/index.php?rest_route=%2Fwp%2Fv2%2Fcategories&post=4775"},{"taxonomy":"post_tag","embeddable":true,"href":"https:\/\/pasaenmendoza.com\/index.php?rest_route=%2Fwp%2Fv2%2Ftags&post=4775"}],"curies":[{"name":"wp","href":"https:\/\/api.w.org\/{rel}","templated":true}]}}