{"id":4778,"date":"2024-01-23T13:55:26","date_gmt":"2024-01-23T12:55:26","guid":{"rendered":"https:\/\/pasaenmendoza.com\/?p=4778"},"modified":"2024-01-23T13:55:28","modified_gmt":"2024-01-23T12:55:28","slug":"vecinos-de-godoy-cruz-convocan-en-las-redes-a-una-protesta-por-robos","status":"publish","type":"post","link":"https:\/\/pasaenmendoza.com\/?p=4778","title":{"rendered":"Vecinos de Godoy Cruz convocan en las redes a una protesta por robos"},"content":{"rendered":"\n<p>Este lunes comenz\u00f3 a circular en las<strong>&nbsp;redes sociales<\/strong>&nbsp;una convocatoria de vecinos de&nbsp;<strong>barrios de Godoy Cruz<\/strong>, en reclamo por reiterados&nbsp;<strong>robos<\/strong>&nbsp;que denuncian vivir a diario.<\/p>\n\n\n\n<p>&#8220;Cansados de la inseguridad que vivimos de manera permanente. No podemos salir a trabajar, tomar un colectivo \u00a1porque los malvivientes nos roban!&#8221;, aseguran en un flyer que comenz\u00f3 a circular en Facebook, X e Instagram.&nbsp;<\/p>\n\n\n\n<p>La iniciativa es llevada a cabo por vecinos de los barrios\u00a0<strong>Las Dalias, Arausal, Esperanza 3 y 4, Irrigaci\u00f3n y Foecyt\u00a0<\/strong>qui\u00e9nes convocan a una manifestaci\u00f3n este jueves a las 19 horas, en la Plaza de Los Ni\u00f1os en calle Arturo Illia.<\/p>\n\n\n\n<p><strong>Qu\u00e9 dice el Ministerio de Seguridad<\/strong><\/p>\n\n\n\n<p>Desde la repartici\u00f3n al mando de\u00a0<strong>Mercedes Rus<\/strong>\u00a0expresaron al\u00a0<strong>Post<\/strong>: &#8220;Oficialmente nadie ha pedido una reuni\u00f3n, ni al municipio, ni al Ministerio de Seguridad. La Direcci\u00f3n de Relaciones con la Comunidad tom\u00f3 conocimiento a trav\u00e9s de las redes sociales de este pedido. Cada vez que un barrio o una zona requiere reforzar la seguridad, la Direcci\u00f3n de Relaciones con la Comunidad toma conocimiento a trav\u00e9s de las uniones vecinales, de alg\u00fan vecino que los pone en conocimiento, de las comisar\u00edas cercanas y hasta de las mismas departamentales. A partir de eso se comienza a trabajar con los vecinos, se los escucha, se realizan reuniones y en base a los charlado se determinan las medidas a tomar. En este caso no ha sucedido. Se tom\u00f3 conocimiento a trav\u00e9s de las redes. No obstante, se mandar\u00e1 a personal del municipio y de la Direcci\u00f3n de Relaciones con la Comunidad para escuchar las necesidades que quieren plantear para comenzar a trabajar. Adem\u00e1s, se identificar\u00e1 a alg\u00fan vecino responsable para comenzar a trabajar en el tema&#8221;.<\/p>\n\n\n\n<p><strong>Qu\u00e9 dice Godoy Cruz<\/strong><\/p>\n\n\n\n<p>Teniendo en cuenta que los vecinos que convocan a la protesta tambi\u00e9n solicitaron que se acercara personal del municipio para dialogar, desde la comuna de Godoy Cruz\u00a0 manifestaron: &#8220;Estamos al tanto de los reclamos que se canalizan por los canales que corresponden, por uniones vecinales, hay un circuito que est\u00e1n acostumbrados los vecinos. Se va trabajando en forma conjunta, se les ofrece el sistema de alarma comunitaria, por eso es importante los canales oficiales para dar respuesta, se refuerzan las zonas donde hay mayor pedido de presencia policial, etc. En este caso, nos enteramos por redes y no tienen un sustento formal el reclamo. No obstante, se los atiende igual y en la convocatoria de este jueves estar\u00e1 personal del municipio para atender los reclamos&#8221;.<\/p>\n\n\n\n<p><strong>Fuente: www.mendozapost.com<\/strong><\/p>\n","protected":false},"excerpt":{"rendered":"<p>Este lunes comenz\u00f3 a circular en las&nbsp;redes sociales&nbsp;una convocatoria de vecinos de&nbsp;barrios de Godoy Cruz, en reclamo por reiterados&nbsp;robos&nbsp;que denuncian vivir a diario. &#8220;Cansados de la inseguridad que vivimos de manera permanente. No podemos salir a trabajar, tomar un colectivo \u00a1porque los malvivientes nos roban!&#8221;, aseguran en un flyer que comenz\u00f3 a circular en Facebook, [&hellip;]<\/p>\n","protected":false},"author":2,"featured_media":4779,"comment_status":"open","ping_status":"open","sticky":false,"template":"","format":"standard","meta":[],"categories":[48],"tags":[],"_links":{"self":[{"href":"https:\/\/pasaenmendoza.com\/index.php?rest_route=\/wp\/v2\/posts\/4778"}],"collection":[{"href":"https:\/\/pasaenmendoza.com\/index.php?rest_route=\/wp\/v2\/posts"}],"about":[{"href":"https:\/\/pasaenmendoza.com\/index.php?rest_route=\/wp\/v2\/types\/post"}],"author":[{"embeddable":true,"href":"https:\/\/pasaenmendoza.com\/index.php?rest_route=\/wp\/v2\/users\/2"}],"replies":[{"embeddable":true,"href":"https:\/\/pasaenmendoza.com\/index.php?rest_route=%2Fwp%2Fv2%2Fcomments&post=4778"}],"version-history":[{"count":1,"href":"https:\/\/pasaenmendoza.com\/index.php?rest_route=\/wp\/v2\/posts\/4778\/revisions"}],"predecessor-version":[{"id":4780,"href":"https:\/\/pasaenmendoza.com\/index.php?rest_route=\/wp\/v2\/posts\/4778\/revisions\/4780"}],"wp:featuredmedia":[{"embeddable":true,"href":"https:\/\/pasaenmendoza.com\/index.php?rest_route=\/wp\/v2\/media\/4779"}],"wp:attachment":[{"href":"https:\/\/pasaenmendoza.com\/index.php?rest_route=%2Fwp%2Fv2%2Fmedia&parent=4778"}],"wp:term":[{"taxonomy":"category","embeddable":true,"href":"https:\/\/pasaenmendoza.com\/index.php?rest_route=%2Fwp%2Fv2%2Fcategories&post=4778"},{"taxonomy":"post_tag","embeddable":true,"href":"https:\/\/pasaenmendoza.com\/index.php?rest_route=%2Fwp%2Fv2%2Ftags&post=4778"}],"curies":[{"name":"wp","href":"https:\/\/api.w.org\/{rel}","templated":true}]}}