{"id":4781,"date":"2024-01-23T13:59:21","date_gmt":"2024-01-23T12:59:21","guid":{"rendered":"https:\/\/pasaenmendoza.com\/?p=4781"},"modified":"2024-01-23T13:59:22","modified_gmt":"2024-01-23T12:59:22","slug":"un-chico-de-16-anos-mato-de-una-punalada-a-otro-joven-en-maipu","status":"publish","type":"post","link":"https:\/\/pasaenmendoza.com\/?p=4781","title":{"rendered":"Un chico de 16 a\u00f1os mat\u00f3 de una pu\u00f1alada a otro joven en Maip\u00fa"},"content":{"rendered":"\n<p>Un joven de 19 a\u00f1os falleci\u00f3 en la madrugada de este martes por heridas de un cuchillo. Detuvieron a un menor como el posible agresor.<\/p>\n\n\n\n<p>En la noche de este lunes, un chico de 16 a\u00f1os tuvo un altercado con Lucas Mart\u00edn Lucero (19) en la calle Einstein, del Barrio N\u00e9lida Cristina, del\u00a0 departamento de Maip\u00fa.<\/p>\n\n\n\n<p>Durante esa ri\u00f1a, Lucero recibi\u00f3 una herida de arma blanca por lo que fue trasladado al Hospital Paroissien para ser asistido.<\/p>\n\n\n\n<p>Sin embargo, a las 00.42 de este martes, el personal m\u00e9dico inform\u00f3 que el joven hab\u00eda fallecido por la herida en la axila izquierda.<\/p>\n\n\n\n<p>Por lo tanto, uniformados de la Polic\u00eda de Mendoza fueron hasta la casa del agresor de tan solo 16 a\u00f1os quien estaba junto a su madre y fue aprehendido.<\/p>\n\n\n\n<p>Intervino Oficina Fiscal N\u00famero 10 de la Comisar\u00eda 10\u00b0 de Maip\u00fa.<\/p>\n\n\n\n<p><strong>Fuente: www.mendozapost.com<\/strong><\/p>\n","protected":false},"excerpt":{"rendered":"<p>Un joven de 19 a\u00f1os falleci\u00f3 en la madrugada de este martes por heridas de un cuchillo. Detuvieron a un menor como el posible agresor. En la noche de este lunes, un chico de 16 a\u00f1os tuvo un altercado con Lucas Mart\u00edn Lucero (19) en la calle Einstein, del Barrio N\u00e9lida Cristina, del\u00a0 departamento de [&hellip;]<\/p>\n","protected":false},"author":2,"featured_media":4782,"comment_status":"open","ping_status":"open","sticky":false,"template":"","format":"standard","meta":[],"categories":[48],"tags":[],"_links":{"self":[{"href":"https:\/\/pasaenmendoza.com\/index.php?rest_route=\/wp\/v2\/posts\/4781"}],"collection":[{"href":"https:\/\/pasaenmendoza.com\/index.php?rest_route=\/wp\/v2\/posts"}],"about":[{"href":"https:\/\/pasaenmendoza.com\/index.php?rest_route=\/wp\/v2\/types\/post"}],"author":[{"embeddable":true,"href":"https:\/\/pasaenmendoza.com\/index.php?rest_route=\/wp\/v2\/users\/2"}],"replies":[{"embeddable":true,"href":"https:\/\/pasaenmendoza.com\/index.php?rest_route=%2Fwp%2Fv2%2Fcomments&post=4781"}],"version-history":[{"count":1,"href":"https:\/\/pasaenmendoza.com\/index.php?rest_route=\/wp\/v2\/posts\/4781\/revisions"}],"predecessor-version":[{"id":4783,"href":"https:\/\/pasaenmendoza.com\/index.php?rest_route=\/wp\/v2\/posts\/4781\/revisions\/4783"}],"wp:featuredmedia":[{"embeddable":true,"href":"https:\/\/pasaenmendoza.com\/index.php?rest_route=\/wp\/v2\/media\/4782"}],"wp:attachment":[{"href":"https:\/\/pasaenmendoza.com\/index.php?rest_route=%2Fwp%2Fv2%2Fmedia&parent=4781"}],"wp:term":[{"taxonomy":"category","embeddable":true,"href":"https:\/\/pasaenmendoza.com\/index.php?rest_route=%2Fwp%2Fv2%2Fcategories&post=4781"},{"taxonomy":"post_tag","embeddable":true,"href":"https:\/\/pasaenmendoza.com\/index.php?rest_route=%2Fwp%2Fv2%2Ftags&post=4781"}],"curies":[{"name":"wp","href":"https:\/\/api.w.org\/{rel}","templated":true}]}}