{"id":4788,"date":"2024-01-23T14:13:01","date_gmt":"2024-01-23T13:13:01","guid":{"rendered":"https:\/\/pasaenmendoza.com\/?p=4788"},"modified":"2024-01-23T14:13:03","modified_gmt":"2024-01-23T13:13:03","slug":"ulpiano-suarez-aseguro-que-se-necesitan-700-policias-mas-para-controlar-la-ciudad-de-mendoza","status":"publish","type":"post","link":"https:\/\/pasaenmendoza.com\/?p=4788","title":{"rendered":"Ulpiano Suarez asegur\u00f3 que se necesitan 700 polic\u00edas m\u00e1s para controlar la Ciudad de Mendoza"},"content":{"rendered":"\n<p>El intendente\u00a0<strong>Ulpiano Suarez<\/strong>\u00a0asegur\u00f3 que Capital tiene 120.000 habitantes, pero de lunes a s\u00e1bados ingresan m\u00e1s de 400.000 personas entre trabajadores y turistas. Por esta raz\u00f3n,\u00a0<strong>sostuvo que necesitan sumar 700 polic\u00edas para controlar la\u00a0Ciudad de Mendoza<\/strong>.<\/p>\n\n\n\n<p>Seg\u00fan un estudio de Naciones Unidas, las ciudades deben tener&nbsp;<strong>2,8 efectivos cada mil habitantes<\/strong>. Considerando el flujo de gente que hay por semana en la capital de Mendoza,<strong>&nbsp;se necesitan aproximadamente 1.200 prestando servicio<\/strong>. Sin embargo actualmente hay&nbsp;<strong>s\u00f3lo 500 agentes trabajando para la Ciudad<\/strong>, incluyendo preventores.<\/p>\n\n\n\n<p>Por otra parte, el intendente\u00a0<strong>detall\u00f3 que el 16% del presupuesto va a ser utilizado para cubrir la inversi\u00f3n en seguridad<\/strong>. &#8220;La seguridad hace a la calidad de vida de los mendocinos y que sea un destino tur\u00edstico elegido&#8221;, detall\u00f3 Suarez.<\/p>\n\n\n\n<h2 class=\"wp-block-heading\">Agenda coordinada entre los departamentos<\/h2>\n\n\n\n<p>La ministra de Seguridad,&nbsp;<strong>Mercedes Rus<\/strong>,&nbsp;<strong>plante\u00f3 una agenda con los intendentes del Gran Mendoza para analizar la seguridad<\/strong>&nbsp;del resto de los municipios para trabajar de manera coordinada y definir una estrategia.<\/p>\n\n\n\n<p>Suarez agreg\u00f3 que estos hechos no pasan de manera aislada y que lo que sucede en Ciudad tambi\u00e9n pasa en otros municipios.<strong>&nbsp;Actualmente, en su comuna hay 38 m\u00f3viles y 25 motos a disposici\u00f3n, adem\u00e1s de 150 alarmas comunitarias instaladas y m\u00e1s 11 mil usuarios en &#8220;Ojos en alerta&#8221;<\/strong>, el programa donde vecinos avisan ante sospechas.<\/p>\n\n\n\n<p>La mayor\u00eda de los\u00a0<strong>delitos est\u00e1n ocurriendo en el microcentro<\/strong>\u00a0y, seg\u00fan analiz\u00f3 el intendente,\u00a0<strong>&#8220;no est\u00e1n pudiendo dar cobertura a toda la gran demanda&#8221;<\/strong>. Asegur\u00f3 que esto acontece no s\u00f3lo en horas pico sino tambi\u00e9n en las noches, y que esto debe ser un trabajo articulado entre preventores y polic\u00edas.<\/p>\n\n\n\n<h2 class=\"wp-block-heading\">Comerciantes de Ciudad asustados<\/h2>\n\n\n\n<p>Durante la noche de este domingo dos negocios ubicados en 9 de Julio y casi peatonal fueron v\u00edctimas de un asalto. Los delincuentes<strong>&nbsp;ingresaron de manera relajada y se robaron absolutamente todo<\/strong>, incluyendo las c\u00e1maras de seguridad.<\/p>\n\n\n\n<p>La due\u00f1a del local de ropa de pleno centro que fue desvalijado asegur\u00f3 que<strong>&nbsp;las p\u00e9rdidas son millonarias<\/strong>&nbsp;y no sabe c\u00f3mo se repondr\u00e1. Su negocio qued\u00f3 completamente vac\u00edo, solo con algunos elementos de poco valor para los delincuentes que&nbsp;<strong>estuvieron 5 horas para robarse todo<\/strong>. La mujer asegur\u00f3 que<strong>&nbsp;la zona est\u00e1 liberada.<\/strong><\/p>\n\n\n\n<p>El jueves pasado otro robo alter\u00f3 la calma de los vecinos de la calle 9 de Julio, cuando dos ladrones se llevaron una millonaria suma (ser\u00eda de&nbsp;<strong>$20 millones<\/strong>) de un local comercial. En la huida en moto, uno de ellos se cay\u00f3 al ser alcanzado con un objeto contundente y fue atrapado y golpeado por transe\u00fantes. El otro pudo escapar con el bot\u00edn.<\/p>\n\n\n\n<p>Para este martes,\u00a0<strong>Suarez agend\u00f3 una reuni\u00f3n con comerciantes afectados<\/strong>\u00a0para buscar soluciones.<\/p>\n\n\n\n<p><strong>Fuente: www.diariouno.com.ar<\/strong><\/p>\n","protected":false},"excerpt":{"rendered":"<p>El intendente\u00a0Ulpiano Suarez\u00a0asegur\u00f3 que Capital tiene 120.000 habitantes, pero de lunes a s\u00e1bados ingresan m\u00e1s de 400.000 personas entre trabajadores y turistas. Por esta raz\u00f3n,\u00a0sostuvo que necesitan sumar 700 polic\u00edas para controlar la\u00a0Ciudad de Mendoza. Seg\u00fan un estudio de Naciones Unidas, las ciudades deben tener&nbsp;2,8 efectivos cada mil habitantes. Considerando el flujo de gente que [&hellip;]<\/p>\n","protected":false},"author":2,"featured_media":4789,"comment_status":"open","ping_status":"open","sticky":false,"template":"","format":"standard","meta":[],"categories":[47],"tags":[],"_links":{"self":[{"href":"https:\/\/pasaenmendoza.com\/index.php?rest_route=\/wp\/v2\/posts\/4788"}],"collection":[{"href":"https:\/\/pasaenmendoza.com\/index.php?rest_route=\/wp\/v2\/posts"}],"about":[{"href":"https:\/\/pasaenmendoza.com\/index.php?rest_route=\/wp\/v2\/types\/post"}],"author":[{"embeddable":true,"href":"https:\/\/pasaenmendoza.com\/index.php?rest_route=\/wp\/v2\/users\/2"}],"replies":[{"embeddable":true,"href":"https:\/\/pasaenmendoza.com\/index.php?rest_route=%2Fwp%2Fv2%2Fcomments&post=4788"}],"version-history":[{"count":1,"href":"https:\/\/pasaenmendoza.com\/index.php?rest_route=\/wp\/v2\/posts\/4788\/revisions"}],"predecessor-version":[{"id":4790,"href":"https:\/\/pasaenmendoza.com\/index.php?rest_route=\/wp\/v2\/posts\/4788\/revisions\/4790"}],"wp:featuredmedia":[{"embeddable":true,"href":"https:\/\/pasaenmendoza.com\/index.php?rest_route=\/wp\/v2\/media\/4789"}],"wp:attachment":[{"href":"https:\/\/pasaenmendoza.com\/index.php?rest_route=%2Fwp%2Fv2%2Fmedia&parent=4788"}],"wp:term":[{"taxonomy":"category","embeddable":true,"href":"https:\/\/pasaenmendoza.com\/index.php?rest_route=%2Fwp%2Fv2%2Fcategories&post=4788"},{"taxonomy":"post_tag","embeddable":true,"href":"https:\/\/pasaenmendoza.com\/index.php?rest_route=%2Fwp%2Fv2%2Ftags&post=4788"}],"curies":[{"name":"wp","href":"https:\/\/api.w.org\/{rel}","templated":true}]}}