{"id":4791,"date":"2024-01-23T14:17:38","date_gmt":"2024-01-23T13:17:38","guid":{"rendered":"https:\/\/pasaenmendoza.com\/?p=4791"},"modified":"2024-01-23T14:18:17","modified_gmt":"2024-01-23T13:18:17","slug":"la-canciller-mondino-recibio-a-productores-de-ajo-de-mendoza-para-hablar-de-exportaciones","status":"publish","type":"post","link":"https:\/\/pasaenmendoza.com\/?p=4791","title":{"rendered":"La canciller Mondino recibi\u00f3 a productores de ajo de Mendoza para hablar de exportaciones"},"content":{"rendered":"\n<p>La canciller\u00a0<strong>Diana Mondino<\/strong>\u00a0mantuvo este lunes un encuentro con productores de Mendoza para impulsar las\u00a0<strong>exportaciones de ajo<\/strong>, informaron fuentes oficiales.<\/p>\n\n\n\n<p><strong>Mendoza produce el 90% del ajo argentino y exporta el 80% de su producci\u00f3n<\/strong>, mayoritariamente a Brasil. Eso posiciona al producto como una importante&nbsp;<strong>fuente de divisas<\/strong>.<\/p>\n\n\n\n<p>En funci\u00f3n de esa relevancia, Mondino dialog\u00f3 con el gerente de la Asociaci\u00f3n de Productores, Empacadores y Exportadores de Ajos, Cebollas y Afines de la Provincia de Mendoza,&nbsp;<strong>Maximiliano Di Cesare<\/strong>; el subsecretario provincial de Relaciones Institucionales,&nbsp;<strong>Jos\u00e9 Mar\u00eda Videla<\/strong>; y la diputada provincial&nbsp;<strong>Mar\u00eda Eugenia De Marchi<\/strong>, con quienes convers\u00f3 sobre las&nbsp;<strong>estrategias para impulsar las exportaciones argentinas de ajo a la regi\u00f3n y al mundo<\/strong>.<\/p>\n\n\n\n<p>Mondino resalt\u00f3 el&nbsp;<strong>compromiso de la Canciller\u00eda de buscar nuevos mercados, mejorar condiciones de acceso y promover los productos de las econom\u00edas regionales<\/strong>, como es el caso del ajo.<\/p>\n\n\n\n<h2 class=\"wp-block-heading\">El ajo y su peso en Mendoza<\/h2>\n\n\n\n<p>Se calcula que en la provincia&nbsp;<strong>hay m\u00e1s de 2.000 productores de ajo&nbsp;<\/strong>y 100 galpones de empaque exportadores.<\/p>\n\n\n\n<p>En los primeros 11 meses de 2023, la Argentina export\u00f3 m\u00e1s de&nbsp;<strong>US$ 84 millones de d\u00f3lares<\/strong>.<\/p>\n\n\n\n<p>Debido a que la producci\u00f3n brasile\u00f1a no llega a abastecer a su mercado interno, los productos mendocinos ingresan al pa\u00eds vecino con mucho \u00e9xito y, por el momento, no hay perspectivas de que esa tendencia cambie,<strong>&nbsp;salvo que medien diferencias pol\u00edticas<\/strong>.<\/p>\n\n\n\n<p>Esta \u00faltima posibilidad no es menor, luego de que el presidente Javier Milei repitiera en distintos foros que&nbsp;<strong>el mandatario brasile\u00f1o le parece &#8220;un comunista&#8221; con el que preferir\u00eda mantener distancia<\/strong>. En efecto, y al sentirse agraviado,&nbsp;<strong>Luis Ignacio Lula Da Silva no asisti\u00f3 a la asunci\u00f3n del argentino<\/strong>.<\/p>\n\n\n\n<p><strong>Fuente: www.diariouno.com.ar<\/strong><\/p>\n","protected":false},"excerpt":{"rendered":"<p>La canciller\u00a0Diana Mondino\u00a0mantuvo este lunes un encuentro con productores de Mendoza para impulsar las\u00a0exportaciones de ajo, informaron fuentes oficiales. Mendoza produce el 90% del ajo argentino y exporta el 80% de su producci\u00f3n, mayoritariamente a Brasil. Eso posiciona al producto como una importante&nbsp;fuente de divisas. En funci\u00f3n de esa relevancia, Mondino dialog\u00f3 con el gerente [&hellip;]<\/p>\n","protected":false},"author":2,"featured_media":4792,"comment_status":"open","ping_status":"open","sticky":false,"template":"","format":"standard","meta":[],"categories":[85],"tags":[],"_links":{"self":[{"href":"https:\/\/pasaenmendoza.com\/index.php?rest_route=\/wp\/v2\/posts\/4791"}],"collection":[{"href":"https:\/\/pasaenmendoza.com\/index.php?rest_route=\/wp\/v2\/posts"}],"about":[{"href":"https:\/\/pasaenmendoza.com\/index.php?rest_route=\/wp\/v2\/types\/post"}],"author":[{"embeddable":true,"href":"https:\/\/pasaenmendoza.com\/index.php?rest_route=\/wp\/v2\/users\/2"}],"replies":[{"embeddable":true,"href":"https:\/\/pasaenmendoza.com\/index.php?rest_route=%2Fwp%2Fv2%2Fcomments&post=4791"}],"version-history":[{"count":2,"href":"https:\/\/pasaenmendoza.com\/index.php?rest_route=\/wp\/v2\/posts\/4791\/revisions"}],"predecessor-version":[{"id":4794,"href":"https:\/\/pasaenmendoza.com\/index.php?rest_route=\/wp\/v2\/posts\/4791\/revisions\/4794"}],"wp:featuredmedia":[{"embeddable":true,"href":"https:\/\/pasaenmendoza.com\/index.php?rest_route=\/wp\/v2\/media\/4792"}],"wp:attachment":[{"href":"https:\/\/pasaenmendoza.com\/index.php?rest_route=%2Fwp%2Fv2%2Fmedia&parent=4791"}],"wp:term":[{"taxonomy":"category","embeddable":true,"href":"https:\/\/pasaenmendoza.com\/index.php?rest_route=%2Fwp%2Fv2%2Fcategories&post=4791"},{"taxonomy":"post_tag","embeddable":true,"href":"https:\/\/pasaenmendoza.com\/index.php?rest_route=%2Fwp%2Fv2%2Ftags&post=4791"}],"curies":[{"name":"wp","href":"https:\/\/api.w.org\/{rel}","templated":true}]}}