{"id":4795,"date":"2024-01-23T14:30:23","date_gmt":"2024-01-23T13:30:23","guid":{"rendered":"https:\/\/pasaenmendoza.com\/?p=4795"},"modified":"2024-01-23T14:30:25","modified_gmt":"2024-01-23T13:30:25","slug":"cornejo-en-espana-reuniones-con-funcionarios-empresarios-y-un-coleccionista","status":"publish","type":"post","link":"https:\/\/pasaenmendoza.com\/?p=4795","title":{"rendered":"Cornejo en Espa\u00f1a: reuniones con funcionarios, empresarios y un coleccionista"},"content":{"rendered":"\n<p>El gobernador\u00a0<strong>Alfredo Cornejo<\/strong>\u00a0viaj\u00f3 a\u00a0<strong>Espa\u00f1a\u00a0<\/strong>para participar de la Feria Internacional de Turismo (FITUR) que se desarrollar\u00e1 esta semana en la ciudad de Madrid. En la antesala del evento, el mandatario mendocino mantendr\u00e1 una importante cantidad de reuniones y actividades en la capital\u00a0<strong>espa\u00f1ola<\/strong>.<\/p>\n\n\n\n<p>La cargada agenda de&nbsp;<strong>Cornejo&nbsp;<\/strong>comenz\u00f3 este martes con una reuni\u00f3n con el encargado de Negocios de la Embajada Argentina en&nbsp;<strong>Espa\u00f1a<\/strong>, Roberto Bosch, en la sede diplom\u00e1tica argentina de Madrid. Del encuentro particip\u00f3 tambi\u00e9n la presidenta del Emetur, Gabriela Testa.<\/p>\n\n\n\n<p>Posteriormente ambos funcionarios mendocinos se encontrar\u00e1n con la subsecretaria de Turismo, Deportes y Ambiente de la Naci\u00f3n, Yanina Mart\u00ednez, para visitar en Plaza Cibeles a Marcelo Ord\u00e1s, coleccionista argentino y due\u00f1o del museo del f\u00fatbol &#8220;Legends\u201d. Y luego se reunir\u00e1n con autoridades de la empresa de software y tecnolog\u00eda Globant, en el Paseo de la Castellana.<\/p>\n\n\n\n<p>Ya en horas de la tarde madrile\u00f1a\u00a0<strong>Cornejo\u00a0<\/strong>y Testa se encontrar\u00e1n con el director regional para las Am\u00e9ricas de la Organizaci\u00f3n Mundial del Turismo (OMT), Gustavo Santos.<\/p>\n\n\n\n<p>El gobernador participar\u00e1 de la reuni\u00f3n argentina con el organismo y estar\u00e1n presentes el secretario general de la OMT, Zurab Pololikashvili; el director regional para las Am\u00e9ricas, Gustavo Santos; la subsecretaria de Turismo de la Naci\u00f3n, Yanina Mart\u00ednez; la presidenta del Emetur, Gabriela Testa; el presidente de la Agencia C\u00f3rdoba Turismo, Dar\u00edo Capitani; el vocal manager de la Agencia C\u00f3rdoba Turismo, Diego Barberis; y presidente del Ente de Turismo de la Ciudad de Buenos Aires, Valent\u00edn D\u00edaz Gilligan.<\/p>\n\n\n\n<p>Finalmente, el mandatario mendocino se reunir\u00e1 con el director general de la empresa de aceite oliva Migaza, Antonio Gallego, con presencia en 120 pa\u00edses y una de las m\u00e1s importantes del mundo.<\/p>\n\n\n\n<p>Cornejo se encuentra en Espa\u00f1a para decir presente en la tradicional Feria Internacional de Turismo (Fitur) que se realiza anualmente en Madrid. Este a\u00f1o se desarrollar\u00e1 entre el 24 y el 28 de enero y el objetivo de la comitiva mendocina\u00a0ser\u00e1 promocionar en el evento la amplia oferta tur\u00edstica de la provincia.<\/p>\n\n\n\n<p><strong>Fuente: www.mdzol.com<\/strong><\/p>\n","protected":false},"excerpt":{"rendered":"<p>El gobernador\u00a0Alfredo Cornejo\u00a0viaj\u00f3 a\u00a0Espa\u00f1a\u00a0para participar de la Feria Internacional de Turismo (FITUR) que se desarrollar\u00e1 esta semana en la ciudad de Madrid. En la antesala del evento, el mandatario mendocino mantendr\u00e1 una importante cantidad de reuniones y actividades en la capital\u00a0espa\u00f1ola. La cargada agenda de&nbsp;Cornejo&nbsp;comenz\u00f3 este martes con una reuni\u00f3n con el encargado de Negocios [&hellip;]<\/p>\n","protected":false},"author":2,"featured_media":4796,"comment_status":"open","ping_status":"open","sticky":false,"template":"","format":"standard","meta":[],"categories":[47],"tags":[],"_links":{"self":[{"href":"https:\/\/pasaenmendoza.com\/index.php?rest_route=\/wp\/v2\/posts\/4795"}],"collection":[{"href":"https:\/\/pasaenmendoza.com\/index.php?rest_route=\/wp\/v2\/posts"}],"about":[{"href":"https:\/\/pasaenmendoza.com\/index.php?rest_route=\/wp\/v2\/types\/post"}],"author":[{"embeddable":true,"href":"https:\/\/pasaenmendoza.com\/index.php?rest_route=\/wp\/v2\/users\/2"}],"replies":[{"embeddable":true,"href":"https:\/\/pasaenmendoza.com\/index.php?rest_route=%2Fwp%2Fv2%2Fcomments&post=4795"}],"version-history":[{"count":1,"href":"https:\/\/pasaenmendoza.com\/index.php?rest_route=\/wp\/v2\/posts\/4795\/revisions"}],"predecessor-version":[{"id":4797,"href":"https:\/\/pasaenmendoza.com\/index.php?rest_route=\/wp\/v2\/posts\/4795\/revisions\/4797"}],"wp:featuredmedia":[{"embeddable":true,"href":"https:\/\/pasaenmendoza.com\/index.php?rest_route=\/wp\/v2\/media\/4796"}],"wp:attachment":[{"href":"https:\/\/pasaenmendoza.com\/index.php?rest_route=%2Fwp%2Fv2%2Fmedia&parent=4795"}],"wp:term":[{"taxonomy":"category","embeddable":true,"href":"https:\/\/pasaenmendoza.com\/index.php?rest_route=%2Fwp%2Fv2%2Fcategories&post=4795"},{"taxonomy":"post_tag","embeddable":true,"href":"https:\/\/pasaenmendoza.com\/index.php?rest_route=%2Fwp%2Fv2%2Ftags&post=4795"}],"curies":[{"name":"wp","href":"https:\/\/api.w.org\/{rel}","templated":true}]}}