{"id":4800,"date":"2024-01-24T13:34:12","date_gmt":"2024-01-24T12:34:12","guid":{"rendered":"https:\/\/pasaenmendoza.com\/?p=4800"},"modified":"2024-01-24T13:34:14","modified_gmt":"2024-01-24T12:34:14","slug":"un-horno-anticipan-un-miercoles-con-mucho-calor-en-mendoza","status":"publish","type":"post","link":"https:\/\/pasaenmendoza.com\/?p=4800","title":{"rendered":"Un horno: anticipan un mi\u00e9rcoles con mucho calor en Mendoza"},"content":{"rendered":"\n<p>Para este&nbsp;<strong>mi\u00e9rcoles 24 de enero<\/strong>, anticiparon una jornada&nbsp;<strong>calurosa con poca nubosidad<\/strong>&nbsp;en la provincia de&nbsp;<strong>Mendoza<\/strong>. La&nbsp;<strong>temperatura m\u00e1xima<\/strong>&nbsp;alcanzar\u00e1 los 37\u00b0, mientras que la&nbsp;<strong>m\u00ednima<\/strong>&nbsp;fue de 22\u00b0.&nbsp;<\/p>\n\n\n\n<p>Adem\u00e1s anunciaron la presencia de vientos moderados del noreste, seg\u00fan informaron desde\u00a0<strong>Contingencias Clim\u00e1ticas<\/strong>.\u00a0<\/p>\n\n\n\n<p>Seg\u00fan indica el\u00a0<strong>pron\u00f3stico extendido<\/strong>, a\u00a0<strong>Mendoza<\/strong>\u00a0llegar\u00e1 una ola de intenso calor con m\u00e1ximas que llegar\u00e1n a 39\u00b0.\u00a0<\/p>\n\n\n\n<p><strong>Pron\u00f3stico extendido para Mendoza<\/strong><\/p>\n\n\n\n<p>Para este\u00a0<strong>jueves 25 de enero<\/strong>, anunciaron muy caluroso con poca nubosidad, vientos moderados del noreste. M\u00e1xima de 39\u00baC, m\u00ednima de 24\u00baC.<\/p>\n\n\n\n<p>El vi<strong>ernes 26 de enero<\/strong>&nbsp;estar\u00e1 muy caluroso con nubosidad variable, vientos moderados del noreste. Inestable hacia la noche. M\u00e1xima de 39\u00baC, m\u00ednima de 25\u00baC.<\/p>\n\n\n\n<p>Por su parte, para el\u00a0<strong>s\u00e1bado 27 de enero<\/strong>\u00a0anticiparon muy caluroso con nubosidad variable, vientos moderados del noreste. M\u00e1xima de 39\u00baC, m\u00ednima de 26\u00baC.<\/p>\n\n\n\n<p>El\u00a0<strong>domingo 28 de enero<\/strong>\u00a0estar\u00e1 muy caluroso con nubosidad variable, vientos moderados del noreste. M\u00e1xima de 40\u00baC, m\u00ednima de 26\u00baC.<\/p>\n\n\n\n<p><strong>Fuente: www.mendozapost.com<\/strong><\/p>\n","protected":false},"excerpt":{"rendered":"<p>Para este&nbsp;mi\u00e9rcoles 24 de enero, anticiparon una jornada&nbsp;calurosa con poca nubosidad&nbsp;en la provincia de&nbsp;Mendoza. La&nbsp;temperatura m\u00e1xima&nbsp;alcanzar\u00e1 los 37\u00b0, mientras que la&nbsp;m\u00ednima&nbsp;fue de 22\u00b0.&nbsp; Adem\u00e1s anunciaron la presencia de vientos moderados del noreste, seg\u00fan informaron desde\u00a0Contingencias Clim\u00e1ticas.\u00a0 Seg\u00fan indica el\u00a0pron\u00f3stico extendido, a\u00a0Mendoza\u00a0llegar\u00e1 una ola de intenso calor con m\u00e1ximas que llegar\u00e1n a 39\u00b0.\u00a0 Pron\u00f3stico extendido para [&hellip;]<\/p>\n","protected":false},"author":2,"featured_media":4801,"comment_status":"open","ping_status":"open","sticky":false,"template":"","format":"standard","meta":[],"categories":[52],"tags":[],"_links":{"self":[{"href":"https:\/\/pasaenmendoza.com\/index.php?rest_route=\/wp\/v2\/posts\/4800"}],"collection":[{"href":"https:\/\/pasaenmendoza.com\/index.php?rest_route=\/wp\/v2\/posts"}],"about":[{"href":"https:\/\/pasaenmendoza.com\/index.php?rest_route=\/wp\/v2\/types\/post"}],"author":[{"embeddable":true,"href":"https:\/\/pasaenmendoza.com\/index.php?rest_route=\/wp\/v2\/users\/2"}],"replies":[{"embeddable":true,"href":"https:\/\/pasaenmendoza.com\/index.php?rest_route=%2Fwp%2Fv2%2Fcomments&post=4800"}],"version-history":[{"count":1,"href":"https:\/\/pasaenmendoza.com\/index.php?rest_route=\/wp\/v2\/posts\/4800\/revisions"}],"predecessor-version":[{"id":4802,"href":"https:\/\/pasaenmendoza.com\/index.php?rest_route=\/wp\/v2\/posts\/4800\/revisions\/4802"}],"wp:featuredmedia":[{"embeddable":true,"href":"https:\/\/pasaenmendoza.com\/index.php?rest_route=\/wp\/v2\/media\/4801"}],"wp:attachment":[{"href":"https:\/\/pasaenmendoza.com\/index.php?rest_route=%2Fwp%2Fv2%2Fmedia&parent=4800"}],"wp:term":[{"taxonomy":"category","embeddable":true,"href":"https:\/\/pasaenmendoza.com\/index.php?rest_route=%2Fwp%2Fv2%2Fcategories&post=4800"},{"taxonomy":"post_tag","embeddable":true,"href":"https:\/\/pasaenmendoza.com\/index.php?rest_route=%2Fwp%2Fv2%2Ftags&post=4800"}],"curies":[{"name":"wp","href":"https:\/\/api.w.org\/{rel}","templated":true}]}}