{"id":4806,"date":"2024-01-24T13:48:06","date_gmt":"2024-01-24T12:48:06","guid":{"rendered":"https:\/\/pasaenmendoza.com\/?p=4806"},"modified":"2024-01-24T13:48:08","modified_gmt":"2024-01-24T12:48:08","slug":"quienes-eran-los-dos-jovenes-asesinados-en-menos-de-cinco-horas-en-ciudad-y-maipu","status":"publish","type":"post","link":"https:\/\/pasaenmendoza.com\/?p=4806","title":{"rendered":"Qui\u00e9nes eran los dos j\u00f3venes asesinados en menos de cinco horas en Ciudad y Maip\u00fa"},"content":{"rendered":"\n<p>Mendoza tuvo un sangriento inicio de semana con los cr\u00edmenes de dos j\u00f3venes registrados entre la tarde y la noche del lunes. En un lapso de menos de cinco horas,&nbsp;<strong>Nicol\u00e1s Ezequiel Carmona G\u00f3mez<\/strong>&nbsp;(24) y&nbsp;<strong>Lucas Mart\u00edn Lucero<\/strong>&nbsp;(19) fueron asesinados en Ciudad y Maip\u00fa, respectivamente.<\/p>\n\n\n\n<p>Las causas se tramitan en paralelo en diferentes jurisdicciones penales. El caso de Carmona, el ex convicto oriundo del<strong>&nbsp;barrio Jard\u00edn Central<\/strong>, tom\u00f3 intervenci\u00f3n la<strong>&nbsp;fiscal de Homicidios Claudia R\u00edos.<\/strong><\/p>\n\n\n\n<p>En ese expediente a\u00fan no se han registrado detenidos y los detectives\u00a0<mark>buscaban avanzar sobre las identidades de los posibles autores que ultimaron a disparos a la v\u00edctima en el\u00a0<strong>barrio Alto Mendoza II<\/strong><\/mark>, m\u00e1s conocido como\u00a0<strong>Fuerte Apache<\/strong>, del oeste capitalino.<\/p>\n\n\n\n<p>Por su parte, la causa de Lucero qued\u00f3 a cargo de la&nbsp;<strong>fiscal de Menores Liliana Curri<\/strong>, ya que el \u00fanico detenido y sindicado autor del hecho de sangre tiene 16 a\u00f1os.<\/p>\n\n\n\n<p>Debido a que se trata de un adolescente imputable,\u00a0<mark>deb\u00eda ser formalmente acusado en las pr\u00f3ximas y, posiblemente, terminar\u00e1 alojado en la<strong>\u00a0Direcci\u00f3n de Responsabilidad Penal Juvenil<\/strong>\u00a0(<strong>ex Cose<\/strong>)<\/mark>.<\/p>\n\n\n\n<p><strong>Violencia sin fin en el oeste<\/strong><\/p>\n\n\n\n<p>Desde hace meses que la situaci\u00f3n que se vive en el oeste de&nbsp;<strong>Ciudad&nbsp;<\/strong>es compleja, principalmente en la zona del&nbsp;<strong>barrio San Mart\u00edn<\/strong>&nbsp;y otros complejos ubicados en los alrededores.<\/p>\n\n\n\n<p>A fines de setiembre del a\u00f1o pasado se desat\u00f3 una guerra entre bandas dedicadas a la venta de estupefacientes en ese sector capitalino y los m\u00faltiples enfrentamientos dejaron dos muertos y varios heridos de gravedad.<\/p>\n\n\n\n<p>Pero\u00a0<mark>todo parec\u00eda haberse calmado despu\u00e9s del megaoperativo policial en el que fue abatido\u00a0<strong>Miguel \u00c1ngel\u00a0<em>Pipa\u00a0<\/em>Cer\u00f3n<\/strong>, hermano del conocido delincuente juvenil apodado el\u00a0<em>Morocha<\/em><\/mark><em>\u00a0<\/em>-tambi\u00e9n ultimado por la fuerza provincial en 2001-, quien era intensamente buscado como autor de los dos homicidios registrados en ese periodo.<\/p>\n\n\n\n<p>No obstante, la violencia volvi\u00f3 con todo este lunes, cerca de las 18.40, cuando una serie de detonaciones de arma de fuego se oyeron en el interior del Fuerte Apache, un complejo de monoblocks localizado en el coraz\u00f3n del San Mart\u00edn, detr\u00e1s de la manzana 50.<\/p>\n\n\n\n<p>Sobre uno de los ingresos a esa barriada, sobre&nbsp;<strong>calle Cacheuta<\/strong>, un joven qued\u00f3 tendido en el suelo.&nbsp;<mark>Los testigos describieron que ten\u00eda manchas de sangre en el rostro, m\u00e1s precisamente en la boca y la nariz<\/mark>.<\/p>\n\n\n\n<p>Cuando pesquisas policiales llegaron al lugar, constaron que se trataba de Carmona, un ex reo con antecedentes por\u00a0<strong>violaci\u00f3n de domicilio<\/strong>,\u00a0<strong>robo agravado de veh\u00edculos<\/strong>\u00a0y\u00a0<strong>robo simple<\/strong>, detallaron fuentes policiales y judiciales.<\/p>\n\n\n\n<p>Incluso, la v\u00edctima llevaba poco m\u00e1s de un a\u00f1o en libertad, ya que r<mark>ecibi\u00f3 el 28 de octubre de 2022 el beneficio de la libertad condicional mientras purgaba tres condenas por robos<\/mark>, agregaron.<\/p>\n\n\n\n<p>En la g\u00e9nesis de la investigaci\u00f3n, un testigo marc\u00f3 como autores a unos conocidos malvivientes, quienes son&nbsp;<mark>menores de edad, y habr\u00edan actuado junto a un sujeto&nbsp;<em>\u201cpelado y de remera blanca\u201d<\/em>. Es m\u00e1s, agreg\u00f3 que luego del tiroteo se ocultaron en el subsuelo de la torre H del complejo<\/mark>.<\/p>\n\n\n\n<p>Sin embargo, esa versi\u00f3n no prosper\u00f3 y ahora los detectives buscan avanzar con las testimoniales y las tareas de campo del personal de Investigaciones en esa zona de Ciudad para avanzar con la identidad de los matadores.<\/p>\n\n\n\n<p>Eso s\u00ed, para los investigadores el m\u00f3vil puede estar vinculado con la venta de estupefacientes, ya que\u00a0<mark>entre las pertenencias que llevaba Carmona se hallaron algunas dosis de coca\u00edna<\/mark>. Una hip\u00f3tesis sosten\u00eda que la v\u00edctima las acababa de comprar en ese lugar, pero no se descartan otras versiones, se\u00f1alaron fuentes allegadas al expediente.<\/p>\n\n\n\n<p><strong>De un puntazo<\/strong><\/p>\n\n\n\n<p>El otro crimen tuvo lugar pasadas las 23 en el&nbsp;<strong>barrio N\u00e9lida Cristina<\/strong>&nbsp;de Maip\u00fa, ubicado hacia el sur de&nbsp;<strong>calle Tropero Sosa<\/strong>.<\/p>\n\n\n\n<p>La reconstrucci\u00f3n que realizaron las autoridades indica que Mart\u00edn Lucero, oriundo del&nbsp;<strong>barrio Las Torcarcitas<\/strong>, fue interceptado por tres adolescentes en el cruce de&nbsp;<strong>calles Einstein e Ibarborou<\/strong>.<\/p>\n\n\n\n<p>Al parecer, la v\u00edctima acarreaba problemas de vieja data con los menores, por lo que se inici\u00f3 una ri\u00f1a. Fue all\u00ed cuando&nbsp;<mark>uno de los sospechosos le propin\u00f3 un puntazo a Lucero cerca de la axila izquierda<\/mark>.<\/p>\n\n\n\n<p>Polic\u00edas que tomaron conocimiento sobre el hecho llegaron hasta la escena y lograron atrapar en las cercan\u00edas al presunto autor.<\/p>\n\n\n\n<p>El menor de edad le dijo a los efectivos que&nbsp;<mark>tuvo una pelea con Lucero y que este sac\u00f3 un cuchillo. Seguidamente, relat\u00f3 el acusado, le quit\u00f3 el arma blanca y lo lesion\u00f3<\/mark>.<\/p>\n\n\n\n<p>Luego, agreg\u00f3, se dio a la fuga hacia su casa del&nbsp;<strong>barrio Bandera Argentina<\/strong>, localizado a unos 250 metros del teatro del hecho, y descart\u00f3 el cuchillo en el camino.<\/p>\n\n\n\n<p>Lo cierto es que Lucero se encontraba consciente cuando fue asistido por los uniformados y personal del\u00a0<strong>Servicio de Emergencias Coordinado<\/strong>\u00a0(<strong>SEC<\/strong>). Hasta alcanz\u00f3 a relatar que hab\u00eda salido a comprar cigarrillos y que se encontr\u00f3 con los tres agresores, uno de los cuales lo atac\u00f3 con arma blanca.<\/p>\n\n\n\n<p>El joven luego fue trasladado en ambulancia hasta el\u00a0<strong>Hospital Paroissien<\/strong>, donde constataron que\u00a0<mark>su estado era cr\u00edtico por una lesi\u00f3n que prestaba en una arteria<\/mark>. Poco m\u00e1s de una hora m\u00e1s tarde, pasadas las 0.40 del martes, desde ese nosocomio informaron su fallecimiento.<\/p>\n\n\n\n<p><strong>Fuente: www.elsol.com.ar<\/strong><\/p>\n","protected":false},"excerpt":{"rendered":"<p>Mendoza tuvo un sangriento inicio de semana con los cr\u00edmenes de dos j\u00f3venes registrados entre la tarde y la noche del lunes. En un lapso de menos de cinco horas,&nbsp;Nicol\u00e1s Ezequiel Carmona G\u00f3mez&nbsp;(24) y&nbsp;Lucas Mart\u00edn Lucero&nbsp;(19) fueron asesinados en Ciudad y Maip\u00fa, respectivamente. Las causas se tramitan en paralelo en diferentes jurisdicciones penales. El caso [&hellip;]<\/p>\n","protected":false},"author":2,"featured_media":4807,"comment_status":"open","ping_status":"open","sticky":false,"template":"","format":"standard","meta":[],"categories":[48],"tags":[],"_links":{"self":[{"href":"https:\/\/pasaenmendoza.com\/index.php?rest_route=\/wp\/v2\/posts\/4806"}],"collection":[{"href":"https:\/\/pasaenmendoza.com\/index.php?rest_route=\/wp\/v2\/posts"}],"about":[{"href":"https:\/\/pasaenmendoza.com\/index.php?rest_route=\/wp\/v2\/types\/post"}],"author":[{"embeddable":true,"href":"https:\/\/pasaenmendoza.com\/index.php?rest_route=\/wp\/v2\/users\/2"}],"replies":[{"embeddable":true,"href":"https:\/\/pasaenmendoza.com\/index.php?rest_route=%2Fwp%2Fv2%2Fcomments&post=4806"}],"version-history":[{"count":1,"href":"https:\/\/pasaenmendoza.com\/index.php?rest_route=\/wp\/v2\/posts\/4806\/revisions"}],"predecessor-version":[{"id":4808,"href":"https:\/\/pasaenmendoza.com\/index.php?rest_route=\/wp\/v2\/posts\/4806\/revisions\/4808"}],"wp:featuredmedia":[{"embeddable":true,"href":"https:\/\/pasaenmendoza.com\/index.php?rest_route=\/wp\/v2\/media\/4807"}],"wp:attachment":[{"href":"https:\/\/pasaenmendoza.com\/index.php?rest_route=%2Fwp%2Fv2%2Fmedia&parent=4806"}],"wp:term":[{"taxonomy":"category","embeddable":true,"href":"https:\/\/pasaenmendoza.com\/index.php?rest_route=%2Fwp%2Fv2%2Fcategories&post=4806"},{"taxonomy":"post_tag","embeddable":true,"href":"https:\/\/pasaenmendoza.com\/index.php?rest_route=%2Fwp%2Fv2%2Ftags&post=4806"}],"curies":[{"name":"wp","href":"https:\/\/api.w.org\/{rel}","templated":true}]}}