{"id":4809,"date":"2024-01-24T13:52:36","date_gmt":"2024-01-24T12:52:36","guid":{"rendered":"https:\/\/pasaenmendoza.com\/?p=4809"},"modified":"2024-01-24T13:52:37","modified_gmt":"2024-01-24T12:52:37","slug":"multiples-detenciones-por-robos-vehiculares-en-las-heras-recuperaron-un-auto-motos-y-ruedas","status":"publish","type":"post","link":"https:\/\/pasaenmendoza.com\/?p=4809","title":{"rendered":"M\u00faltiples detenciones por robos vehiculares en Las Heras: recuperaron un auto, motos y ruedas"},"content":{"rendered":"\n<p>Los<strong>&nbsp;robos de veh\u00edculos<\/strong>&nbsp;y ruedas se ha transformado en un dolor de cabeza para los ciudadanos y tambi\u00e9n para las autoridades a cargo de la seguridad en Mendoza.<\/p>\n\n\n\n<p>A ra\u00edz de eso, en el \u00faltimo tiempo se han aumentado los controles en la calle con el objetivo de&nbsp;<mark>localizar los rodados sustra\u00eddos que contin\u00faan circulando por la v\u00eda p\u00fablica y, en general, son utilizados para perpetrar m\u00e1s il\u00edcitos<\/mark>.<\/p>\n\n\n\n<p>Este \u00faltimo domingo hubo ocho aprehensiones por ese tipo de hechos a trav\u00e9s de una serie de operativos policiales que se desarrollaron en\u00a0<strong>Las Heras<\/strong>. Adem\u00e1s, se recuperaron dos motos, un auto y ruedas robadas.<\/p>\n\n\n\n<p>En orden cronol\u00f3gico, el primero de los procedimientos se registr\u00f3 pasadas las 4 del citado d\u00eda cuando efectivos de la&nbsp;<strong>Unidad Especial de Patrullaje Las Heras&nbsp;<\/strong>(<strong>UEP<\/strong>) fue desplazado hacia el cruce de<strong>&nbsp;calles Sargento Cabral y Paul Harris<\/strong>, en la zona&nbsp;<strong>Panquehua<\/strong>.<\/p>\n\n\n\n<p>Por ese sector personal de C\u00e1maras hab\u00eda detectado a un sujeto que cargaba dos ruedas a pie. Pero cuando&nbsp;<mark>los polic\u00edas le dieron alcance, constataron que tambi\u00e9n llevaba una llave cruz y seis tuercas<\/mark>.<\/p>\n\n\n\n<p>Cuando le consultaron por esos elementos, se excus\u00f3 diciendo que eran suyas y las estaba llevando hacia una gomer\u00eda. No obstante, la versi\u00f3n no result\u00f3 cre\u00edble para los uniformados, ya que las ruedas se ve\u00edan en perfectas condiciones.<\/p>\n\n\n\n<p>Por eso, el hombre, identificado como<strong>&nbsp;Jorge Ariel Guti\u00e9rrez Mor\u00e1n<\/strong>&nbsp;(35), fue demorado e introducido al calabozo de una movilidad.<\/p>\n\n\n\n<p>Al mismo tiempo se hizo un patrullaje por las inmediaciones, que permiti\u00f3 encontrar&nbsp;<mark>un&nbsp;<strong>Chevrolet Onix&nbsp;<\/strong>gris estacionado sobre<strong>&nbsp;calle San Mart\u00edn&nbsp;<\/strong>al 2.300, al cual le faltaban las dos ruedas<\/mark>, que eran exactamente iguales a las secuestradas al sospechoso.<\/p>\n\n\n\n<p>Frente a eso, por disposici\u00f3n de la\u00a0<strong>Oficina Fiscal N\u00ba 5<\/strong>, el presunto ladr\u00f3n fue trasladado a la\u00a0<strong>Subcomisar\u00eda Iriarte<\/strong>. Mientras que se devolvieron las pertenencias al propietario del veh\u00edculo, quien fue citado para radicar la denuncia correspondiente.<\/p>\n\n\n\n<p>Horas m\u00e1s tarde, a las 9.30, personal de\u00a0<strong>Motorizada\u00a0<\/strong>que patrullaba el distrito de\u00a0<strong>El Challao<\/strong>\u00a0se dirigi\u00f3 hasta la zona de\u00a0<strong>avenida Champagnat y calle San Jose<\/strong>, donde fue visto un veh\u00edculo con pedido de secuestro circulando en direcci\u00f3n al norte.<\/p>\n\n\n\n<p>Se trataba de&nbsp;<mark>un&nbsp;<strong>Chevrolet Corsa<\/strong>&nbsp;champagne, que era buscado desde el viernes por una denuncia de hurto agravado<\/mark>, revelaron fuentes policiales.<\/p>\n\n\n\n<p>Los funcionarios le dieron alcance al rodado, en el cual iban a bordo tres hombres y una mujer, quienes fueron aprehendidos y trasladados hasta una sede judicial por averiguaci\u00f3n de antecedentes.<\/p>\n\n\n\n<p>Por su parte, cerca de las 17, se produjo la detenci\u00f3n de dos menores de edad a bordo de una motocicleta robada.<\/p>\n\n\n\n<p>Fueron polic\u00edas de la UEP departamental quienes&nbsp;<mark>detectaron a los dos adolescentes circulando sin casco en una&nbsp;<strong>Yamaha ZR<\/strong>&nbsp;125cc<\/mark>, por lo que les frenaron la marcha en&nbsp;<strong>calles Tacuar\u00ed y Manuel A. S\u00e1ez<\/strong>, frente al&nbsp;<strong>barrio Stucki<\/strong>.<\/p>\n\n\n\n<p>Cuando verificaron el dominio de la chapa patente,&nbsp;<mark>confirmaron que era una moto con pedido de secuestro por un&nbsp;<strong>hurto agravado<\/strong><\/mark>.<\/p>\n\n\n\n<p>Ante eso, los sospechosos, de 14 y 15 a\u00f1os, fueron llevados hasta la\u00a0<strong>Comisar\u00eda 36\u00aa\u00a0<\/strong>en calidad de guarda y luego fueron entregados a sus padres.<\/p>\n\n\n\n<p>Por \u00faltimo, media hora despu\u00e9s, efectivos que patrullaban la zona de&nbsp;<strong>El Plumerillo&nbsp;<\/strong>divisaron en ruta 40 y calle Libertad a un chico que llevaba a la par una&nbsp;<strong>Honda Wave<\/strong>&nbsp;negra 110cc.<\/p>\n\n\n\n<p>Cuando el personal trat\u00f3 de entrevistarlo, el adolescente quiso darse a la fuga, pero lo atraparon a los pocos metros. Acto seguido,&nbsp;<mark>revisaron el rodado y notaron que ten\u00eda los seriales del motor y el cuadro limados<\/mark>.<\/p>\n\n\n\n<p>Frente a eso, menor de 16 a\u00f1os fue trasladado con la moto hasta la Comisar\u00eda 36\u00aa, donde qued\u00f3 a disposici\u00f3n de la\u00a0<strong>Oficina Fiscal N\u00ba 6<\/strong>.<\/p>\n\n\n\n<p><strong>Fuente: www.elsol.com.ar<\/strong><\/p>\n","protected":false},"excerpt":{"rendered":"<p>Los&nbsp;robos de veh\u00edculos&nbsp;y ruedas se ha transformado en un dolor de cabeza para los ciudadanos y tambi\u00e9n para las autoridades a cargo de la seguridad en Mendoza. A ra\u00edz de eso, en el \u00faltimo tiempo se han aumentado los controles en la calle con el objetivo de&nbsp;localizar los rodados sustra\u00eddos que contin\u00faan circulando por la [&hellip;]<\/p>\n","protected":false},"author":2,"featured_media":4810,"comment_status":"open","ping_status":"open","sticky":false,"template":"","format":"standard","meta":[],"categories":[48],"tags":[],"_links":{"self":[{"href":"https:\/\/pasaenmendoza.com\/index.php?rest_route=\/wp\/v2\/posts\/4809"}],"collection":[{"href":"https:\/\/pasaenmendoza.com\/index.php?rest_route=\/wp\/v2\/posts"}],"about":[{"href":"https:\/\/pasaenmendoza.com\/index.php?rest_route=\/wp\/v2\/types\/post"}],"author":[{"embeddable":true,"href":"https:\/\/pasaenmendoza.com\/index.php?rest_route=\/wp\/v2\/users\/2"}],"replies":[{"embeddable":true,"href":"https:\/\/pasaenmendoza.com\/index.php?rest_route=%2Fwp%2Fv2%2Fcomments&post=4809"}],"version-history":[{"count":1,"href":"https:\/\/pasaenmendoza.com\/index.php?rest_route=\/wp\/v2\/posts\/4809\/revisions"}],"predecessor-version":[{"id":4811,"href":"https:\/\/pasaenmendoza.com\/index.php?rest_route=\/wp\/v2\/posts\/4809\/revisions\/4811"}],"wp:featuredmedia":[{"embeddable":true,"href":"https:\/\/pasaenmendoza.com\/index.php?rest_route=\/wp\/v2\/media\/4810"}],"wp:attachment":[{"href":"https:\/\/pasaenmendoza.com\/index.php?rest_route=%2Fwp%2Fv2%2Fmedia&parent=4809"}],"wp:term":[{"taxonomy":"category","embeddable":true,"href":"https:\/\/pasaenmendoza.com\/index.php?rest_route=%2Fwp%2Fv2%2Fcategories&post=4809"},{"taxonomy":"post_tag","embeddable":true,"href":"https:\/\/pasaenmendoza.com\/index.php?rest_route=%2Fwp%2Fv2%2Ftags&post=4809"}],"curies":[{"name":"wp","href":"https:\/\/api.w.org\/{rel}","templated":true}]}}