{"id":4812,"date":"2024-01-24T14:07:24","date_gmt":"2024-01-24T13:07:24","guid":{"rendered":"https:\/\/pasaenmendoza.com\/?p=4812"},"modified":"2024-01-24T14:07:26","modified_gmt":"2024-01-24T13:07:26","slug":"la-conformidad-de-cornejo-con-el-acuerdo-para-que-milei-tenga-la-ley","status":"publish","type":"post","link":"https:\/\/pasaenmendoza.com\/?p=4812","title":{"rendered":"La conformidad de Cornejo con el acuerdo para que Milei tenga la ley"},"content":{"rendered":"\n<p>El Gobernador respalda el acuerdo logrado en el Congreso, a\u00fan con la fragilidad que tiene. Celebran medidas que, igual, no tienen premio extra para la provincia.<\/p>\n\n\n\n<p>El proyecto de\u00a0<strong>ley \u00f3mnibus\u00a0<\/strong>que\u00a0<strong>Javier Milei<\/strong>\u00a0considera como piedra fundamental de su Gobierno tiene el apoyo de Mendoza y, por lo tanto, de los legisladores del oficialismo. Ese respaldo es m\u00e1s ret\u00f3rico que pol\u00edtico, pues Cambia Mendoza ha perdido peso propio en el Congreso. Sin embargo, la venia de\u00a0<strong>Alfredo Cornejo<\/strong>\u00a0es reveladora porque ratifica que, m\u00e1s all\u00e1 de las diferencias, el mandatario mendocino decidi\u00f3 por la extrema resiliencia pol\u00edtica. \u201cEstamos conformes\u201d, dijeron ayer luego del acuerdo para que haya despacho.<\/p>\n\n\n\n<p>Los pocos diputados que responden a\u00a0<strong>Cornejo\u00a0<\/strong>apoyar\u00e1n la ley. Algunos podr\u00edan marcar disidencias en particular, como casi seguro lo haga Julio Cobos. Aunque no estaba entre sus objetivos,\u00a0<strong>Milei\u00a0<\/strong>logr\u00f3 una plusval\u00eda: m\u00e1s fisuras en uno de los principales frentes pol\u00edticos:\u00a0Juntos por el Cambio. La relaci\u00f3n entre los referentes empeor\u00f3 y la falta de respuesta a los liderazgos es notoria. Por eso prevalecieron las visiones individuales.<\/p>\n\n\n\n<p>El cornejismo dice estar conforme, pues desde el inicio buscaba \u201cdarle a&nbsp;<strong>Milei&nbsp;<\/strong>las herramientas que pide\u201d, aunque con limitaciones. En el oficialismo cuentan como un triunfo un hecho que no tiene premio, sino que deja todo como estaba. Se trata de la eliminaci\u00f3n de las retenciones a las exportaciones de vino, una medida ya vigente y que&nbsp;<strong>Milei&nbsp;<\/strong>quer\u00eda sacar, imponi\u00e9ndole un 8%.<\/p>\n\n\n\n<p>Tambi\u00e9n cuentan como \u201ctriunfo\u201d que se haya mantenido la potestad de los hidrocarburos en manos de las provincias, algo que est\u00e1 garantizado en la Constituci\u00f3n Nacional, pero que&nbsp;<strong>Milei&nbsp;<\/strong>atacaba al intentar avanzar sobre la llamada \u201cley corta\u201d de hidrocarburos, que reglamenta esa \u201csoberan\u00eda\u201d. Sin embargo, no hay se\u00f1ales para impulsar y apoyar esa industria fuera de la explotaci\u00f3n no convencional de Vaca Muerta, donde Mendoza es un jugador irrelevante por ahora.<\/p>\n\n\n\n<p>\u201cNos gusta, queremos que tenga la ley, queremos apoyarlo. Hemos logrado sacar las retenciones al vino y tambi\u00e9n cambiar lo de hidrocarburos\u201d, explican en el entorno de\u00a0<strong>Cornejo<\/strong>, quien sigui\u00f3 las negociaciones desde Espa\u00f1a.<\/p>\n\n\n\n<p>El foco est\u00e1 en los recursos. Ahora con la posibilidad de que se \u201crecupere\u201d algo de lo que la Naci\u00f3n recort\u00f3 con el cambio en el impuesto a las ganancias. \u201cSi eso ocurre, vamos a estar algo mejor\u201d; explican. Igual, el Gobierno se prepara para \u201cvivir con lo propio\u201d, ajustando hacia adentro y con una visi\u00f3n humilde del primer a\u00f1o de gesti\u00f3n. Incluso ni&nbsp;<strong>Cornejo<\/strong>, ni los otros gobernadores aliados respondieron a las provocaciones del vocero presidencial, cuyas declaraciones estuvieron al borde de la amenaza pol\u00edtica al sugerir que si no aprobaban la ley, habr\u00eda restricciones en las transferencias.<\/p>\n\n\n\n<p>Lo que no tiene a\u00fan un an\u00e1lisis fino es el impacto que tendr\u00e1 la intempestiva suba en las tarifas de los servicios p\u00fablicos regulados por la Naci\u00f3n. Es el caso del gas, donde los mendocinos adem\u00e1s dejar\u00e1n de tener el beneficio del descuento por zona fr\u00eda. Tambi\u00e9n c\u00f3mo se ajustar\u00e1 en la provincia el transporte, que vendr\u00e1 con una enorme inercia de esa impronta nacional.\u00a0<\/p>\n\n\n\n<p>FUENTE: Mdzonline.<\/p>\n","protected":false},"excerpt":{"rendered":"<p>El Gobernador respalda el acuerdo logrado en el Congreso, a\u00fan con la fragilidad que tiene. Celebran medidas que, igual, no tienen premio extra para la provincia. El proyecto de\u00a0ley \u00f3mnibus\u00a0que\u00a0Javier Milei\u00a0considera como piedra fundamental de su Gobierno tiene el apoyo de Mendoza y, por lo tanto, de los legisladores del oficialismo. Ese respaldo es m\u00e1s [&hellip;]<\/p>\n","protected":false},"author":2,"featured_media":4813,"comment_status":"open","ping_status":"open","sticky":true,"template":"","format":"standard","meta":[],"categories":[47],"tags":[],"_links":{"self":[{"href":"https:\/\/pasaenmendoza.com\/index.php?rest_route=\/wp\/v2\/posts\/4812"}],"collection":[{"href":"https:\/\/pasaenmendoza.com\/index.php?rest_route=\/wp\/v2\/posts"}],"about":[{"href":"https:\/\/pasaenmendoza.com\/index.php?rest_route=\/wp\/v2\/types\/post"}],"author":[{"embeddable":true,"href":"https:\/\/pasaenmendoza.com\/index.php?rest_route=\/wp\/v2\/users\/2"}],"replies":[{"embeddable":true,"href":"https:\/\/pasaenmendoza.com\/index.php?rest_route=%2Fwp%2Fv2%2Fcomments&post=4812"}],"version-history":[{"count":1,"href":"https:\/\/pasaenmendoza.com\/index.php?rest_route=\/wp\/v2\/posts\/4812\/revisions"}],"predecessor-version":[{"id":4814,"href":"https:\/\/pasaenmendoza.com\/index.php?rest_route=\/wp\/v2\/posts\/4812\/revisions\/4814"}],"wp:featuredmedia":[{"embeddable":true,"href":"https:\/\/pasaenmendoza.com\/index.php?rest_route=\/wp\/v2\/media\/4813"}],"wp:attachment":[{"href":"https:\/\/pasaenmendoza.com\/index.php?rest_route=%2Fwp%2Fv2%2Fmedia&parent=4812"}],"wp:term":[{"taxonomy":"category","embeddable":true,"href":"https:\/\/pasaenmendoza.com\/index.php?rest_route=%2Fwp%2Fv2%2Fcategories&post=4812"},{"taxonomy":"post_tag","embeddable":true,"href":"https:\/\/pasaenmendoza.com\/index.php?rest_route=%2Fwp%2Fv2%2Ftags&post=4812"}],"curies":[{"name":"wp","href":"https:\/\/api.w.org\/{rel}","templated":true}]}}