{"id":4815,"date":"2024-01-24T14:11:12","date_gmt":"2024-01-24T13:11:12","guid":{"rendered":"https:\/\/pasaenmendoza.com\/?p=4815"},"modified":"2024-01-24T14:11:14","modified_gmt":"2024-01-24T13:11:14","slug":"paro-general-asi-sera-el-operativo-en-mendoza","status":"publish","type":"post","link":"https:\/\/pasaenmendoza.com\/?p=4815","title":{"rendered":"Paro general: as\u00ed ser\u00e1 el operativo en Mendoza"},"content":{"rendered":"\n<p>Desde el Ministerio de Seguridad confirmaron que se trabajar\u00e1 en conjunto con la Municipalidad de Capital.<\/p>\n\n\n\n<p>La CGT, ambas CTA (de los Trabajadores y Aut\u00f3noma), los trabajadores de la econom\u00eda popular (UTEP), los movimientos sociales y las multisectoriales paralizar\u00e1n las tareas este mi\u00e9rcoles durante 12 horas, en rechazo de las medidas econ\u00f3micas del Gobierno, en lo que constituir\u00e1 la primer gran protesta gremial en la era de Javier Milei y una medici\u00f3n de fuerzas entre el Ejecutivo y los sindicatos.<\/p>\n\n\n\n<p>La medida de fuerza, que surgi\u00f3 en rechazo del DNU 70\/2023 y del proyecto de Ley \u201cBases\u201d del Gobierno nacional, tendr\u00e1 su epicentro en la ciudad de Buenos Aires con la marcha que congregar\u00e1 a diversos gremios ma\u00f1ana frente al Congreso nacional. Tambi\u00e9n habr\u00e1 r\u00e9plicas en otros centros urbanos: en&nbsp;<strong>Mendoza, la concentraci\u00f3n ser\u00e1 a las 12 en la Legislatura.<\/strong><\/p>\n\n\n\n<p>El acto convocado por la Confederaci\u00f3n General del Trabajo (CGT) en la provincia contar\u00e1 con un importante operativo, en el cual trabajar\u00e1n de manera coordinada el Ministerio de Seguridad que conduce\u00a0<strong>Mercedes Rus\u00a0<\/strong>y la Municipalidad de Capital.<\/p>\n\n\n\n<p>\u201c<em>Se va a trabajar igual que siempre. El operativo ser\u00e1 en conjunto con la Municipalidad de la Capital\u201d<\/em>, se\u00f1alaron desde el Ministerio.<\/p>\n\n\n\n<p>En tanto, desde Ciudad informaron que aprobaron el pedido de uso de espacio p\u00fablico por parte de los gremios, aunque con la condici\u00f3n de que no se realizaran cortes de ruta.<\/p>\n\n\n\n<p><em>\u201cTienen luz verde para concentrarse, pero con un asterisco, que no corten calles. En ese caso se aplicar\u00e1n las multas que correspondan, cuyos montos parten de los 400 mil pesos en adelante\u201d<\/em>, indicaron desde la comuna que conduce&nbsp;<strong>Ulpiano Suarez.<\/strong><\/p>\n\n\n\n<h2 class=\"wp-block-heading\" id=\"h-los-motivos-del-paro\">Los motivos del paro<\/h2>\n\n\n\n<p>Las centrales obreras y otros espacios ratificaron su total oposici\u00f3n a la sanci\u00f3n del decreto de necesidad y urgencia (DNU) 70\/23 y al proyecto de ley \u2018Bases\u2019, a pesar de sus modificaciones, porque, afirmaron,<em>&nbsp;\u201catentan contra los derechos laborales y todas las conquistas\u201d.<\/em><\/p>\n\n\n\n<p><strong>H\u00e9ctor Daer<\/strong>, cotitular de la CGT, expres\u00f3 que la protesta tendr\u00e1 gran adhesi\u00f3n porque \u201cla gente tiene bronca\u201d, lo que \u201ctrascendi\u00f3 al movimiento obrero para alcanzar a varios sectores de la sociedad\u201d, y a\u00f1adi\u00f3 que existe \u201cdecepci\u00f3n\u201d.<\/p>\n\n\n\n<p>Adem\u00e1s rechaz\u00f3 la aplicaci\u00f3n del Protocolo Antipiquetes de la ministra de Seguridad,\u00a0<strong>Patricia Bullrich<\/strong>, quien lo ratific\u00f3 y dijo que \u201csi Pablo Moyano quiere llevar a los camioneros a upa que lo haga, pero la medida ser\u00e1 instrumentada\u201d, al responder a declaraciones del sindicalista camionero, quien hab\u00eda se\u00f1alado que sus afiliados \u201cno pueden marchar a upa\u201d.<\/p>\n\n\n\n<p>En el mismo sentido se pronunci\u00f3 el titular de la Asociaci\u00f3n Trabajadores del Estado (ATE), Rodolfo Aguiar:<em>&nbsp;\u201cQue Bullrich no se ilusione, ma\u00f1ana no podr\u00e1 aplicar protocolo alguno. Nadie va a cumplir esa aberraci\u00f3n y obedecer y marchar por la veredita como quiere el Gobierno\u201d.<\/em><\/p>\n\n\n\n<p>La protesta se repetir\u00e1 en las provincias, donde las filiales de la CGT y las otra centrales, junto con organizaciones sociales y pol\u00edticas, tambi\u00e9n realizar\u00e1n marchas y otras modalidades de reclamo contra la pol\u00edtica del Gobierno nacional.<\/p>\n\n\n\n<p>FUENTE: Elsol.com.ar <\/p>\n","protected":false},"excerpt":{"rendered":"<p>Desde el Ministerio de Seguridad confirmaron que se trabajar\u00e1 en conjunto con la Municipalidad de Capital. La CGT, ambas CTA (de los Trabajadores y Aut\u00f3noma), los trabajadores de la econom\u00eda popular (UTEP), los movimientos sociales y las multisectoriales paralizar\u00e1n las tareas este mi\u00e9rcoles durante 12 horas, en rechazo de las medidas econ\u00f3micas del Gobierno, en [&hellip;]<\/p>\n","protected":false},"author":2,"featured_media":4816,"comment_status":"open","ping_status":"open","sticky":true,"template":"","format":"standard","meta":[],"categories":[47],"tags":[],"_links":{"self":[{"href":"https:\/\/pasaenmendoza.com\/index.php?rest_route=\/wp\/v2\/posts\/4815"}],"collection":[{"href":"https:\/\/pasaenmendoza.com\/index.php?rest_route=\/wp\/v2\/posts"}],"about":[{"href":"https:\/\/pasaenmendoza.com\/index.php?rest_route=\/wp\/v2\/types\/post"}],"author":[{"embeddable":true,"href":"https:\/\/pasaenmendoza.com\/index.php?rest_route=\/wp\/v2\/users\/2"}],"replies":[{"embeddable":true,"href":"https:\/\/pasaenmendoza.com\/index.php?rest_route=%2Fwp%2Fv2%2Fcomments&post=4815"}],"version-history":[{"count":1,"href":"https:\/\/pasaenmendoza.com\/index.php?rest_route=\/wp\/v2\/posts\/4815\/revisions"}],"predecessor-version":[{"id":4817,"href":"https:\/\/pasaenmendoza.com\/index.php?rest_route=\/wp\/v2\/posts\/4815\/revisions\/4817"}],"wp:featuredmedia":[{"embeddable":true,"href":"https:\/\/pasaenmendoza.com\/index.php?rest_route=\/wp\/v2\/media\/4816"}],"wp:attachment":[{"href":"https:\/\/pasaenmendoza.com\/index.php?rest_route=%2Fwp%2Fv2%2Fmedia&parent=4815"}],"wp:term":[{"taxonomy":"category","embeddable":true,"href":"https:\/\/pasaenmendoza.com\/index.php?rest_route=%2Fwp%2Fv2%2Fcategories&post=4815"},{"taxonomy":"post_tag","embeddable":true,"href":"https:\/\/pasaenmendoza.com\/index.php?rest_route=%2Fwp%2Fv2%2Ftags&post=4815"}],"curies":[{"name":"wp","href":"https:\/\/api.w.org\/{rel}","templated":true}]}}