{"id":4821,"date":"2024-01-24T14:20:36","date_gmt":"2024-01-24T13:20:36","guid":{"rendered":"https:\/\/pasaenmendoza.com\/?p=4821"},"modified":"2024-01-24T14:20:37","modified_gmt":"2024-01-24T13:20:37","slug":"pasajeros-se-quedaron-sin-viajar-desde-mendoza-vuelos-cancelados-y-demorados-por-el-paro-general","status":"publish","type":"post","link":"https:\/\/pasaenmendoza.com\/?p=4821","title":{"rendered":"Pasajeros se quedaron sin viajar desde Mendoza: vuelos cancelados y demorados por el paro general"},"content":{"rendered":"\n<p>Aerol\u00edneas Argentinas inform\u00f3 a \u00faltima hora del martes la cancelaci\u00f3n de 267 vuelos en todo el pa\u00eds. JetSmart cancel\u00f3 todas sus operaciones. El \u00fanico vuelo que arrib\u00f3 a Mendoza este mi\u00e9rcoles fue de Flybondi<\/p>\n\n\n\n<p>Los primeros efectos del\u00a0<strong>paro general de la CGT en Mendoza<\/strong>\u00a0se vieron en el\u00a0<strong>aeropuerto El Plumerillo<\/strong>, donde f<strong>ueron cancelados vuelos de JetSmart y Aerol\u00edneas Argentinas<\/strong>\u00a0dejando a pasajeros varados y sin atenci\u00f3n presencial.\u00a0<strong>El \u00fanico vuelo que arrib\u00f3 fue de Flybondi<\/strong>, que comunic\u00f3 la no adhesi\u00f3n a la medida de fuerza.<\/p>\n\n\n\n<p>&#8220;Tengo que viajar a Espa\u00f1a y&nbsp;<strong>me quedo tirada<\/strong>. Estoy desesperada&#8221;, dijo a radio Nihuil una pasajera que ten\u00eda un vuelo de Aerol\u00edneas Argentinas programado para Buenos Aires en la ma\u00f1ana de este mi\u00e9rcoles. &#8220;<strong>Llegu\u00e9 ac\u00e1 y est\u00e1 todo muerto<\/strong>&#8220;, apunt\u00f3.<\/p>\n\n\n\n<p>Este es el\u00a0<strong>informe\u00a0<\/strong>que grab\u00f3 el periodista Mat\u00edas Pascualetti, de radio Nihuil, desde la aeroestaci\u00f3n:<\/p>\n\n\n\n<h2 class=\"wp-block-heading\">Aerol\u00edneas y JetSmart cancelaron vuelos en todo el pa\u00eds<\/h2>\n\n\n\n<p>A \u00faltima hora del martes,<strong>&nbsp;Aerol\u00edneas cancel\u00f3 267 vuelos en todo el pa\u00eds<\/strong>&nbsp;y aplaz\u00f3 26 salidas, como consecuencia de la adhesi\u00f3n del gremio aeron\u00e1utico al paro nacional.<\/p>\n\n\n\n<p><strong>JetSmart, por su parte, cancel\u00f3 toda su actividad<\/strong>; en cambio\u00a0<strong>FlyBondi<\/strong>\u00a0trasladar\u00e1 la mayor parte de su operatoria a Ezeiza y\u00a0<strong>solamente reprogramar\u00e1 seis vuelos<\/strong>.<\/p>\n\n\n\n<p>La medida de Aerol\u00edneas afectar\u00e1 a unos&nbsp;<strong>17.000 pasajeros<\/strong>.<\/p>\n\n\n\n<p>La paralizaci\u00f3n de actividades en JetSmart, en tanto, afectar\u00e1 a&nbsp;<strong>otros 5.000<\/strong>, quienes ser\u00e1n reubicados en los vuelos previstos para el jueves y el viernes.<\/p>\n\n\n\n<p>FlyBondi, por su parte, se\u00f1al\u00f3 que &#8220;debido al paro nacional anunciado para el 24 de enero,&nbsp;<strong>estaremos trasladando nuestra operaci\u00f3n al aeropuerto Internacional de Ezeiza<\/strong>&#8220;. Por lo tanto, gran parte de la actividad de esta empresa low cost ser\u00e1<strong>&nbsp;pr\u00e1cticamente normal<\/strong>, aunque desde otra terminal a\u00e9rea.<\/p>\n\n\n\n<h2 class=\"wp-block-heading\">22 vuelos cancelados hacia Mendoza<\/h2>\n\n\n\n<p>En la p\u00e1gina de&nbsp;<strong>Aeropuertos Argentina 2000<\/strong>&nbsp;se puede seguir el estado de los vuelos programados para este mi\u00e9rcoles.<\/p>\n\n\n\n<p>El paro afect\u00f3 vuelos que llegaban a Mendoza desde destinos nacionales e internacionales como los de Copa Airlines y Latam Per\u00fa. Tambi\u00e9n vuelos que part\u00edan desde El Plumerillo.<\/p>\n\n\n\n<p>Las cancelaciones comenzaron apenas pasadas las 0 de este mi\u00e9rcoles, afectando al vuelo CM 420 proveniente de Panam\u00e1 y al LP 2435 proveniente de Lima, Per\u00fa.<\/p>\n\n\n\n<p>Otras cancelaciones hacia Mendoza:<\/p>\n\n\n\n<ul>\n<li>07:40 AR 1410 desde Aeroparque<\/li>\n\n\n\n<li>08:16 WJ 3070 desde Aeroparque<\/li>\n\n\n\n<li>08:30 AR 1426 desde Ezeiza<\/li>\n\n\n\n<li>09:15 AR 1540 desde Aeroparque<\/li>\n\n\n\n<li>11:00 AR 1476 desde Tucum\u00e1n<\/li>\n\n\n\n<li>11:45 AR 1712 desde Rosario<\/li>\n\n\n\n<li>12:20 AR 1730 desde Salta<\/li>\n\n\n\n<li>12:45 AR 1448 desde Aeroparque<\/li>\n\n\n\n<li>13:00 AR 1406 desde Aeroparque<\/li>\n\n\n\n<li>13:47 WJ 3072 desde Aeroparque<\/li>\n\n\n\n<li>13:55 AR 1404 desde Ezeiza<\/li>\n\n\n\n<li>14:00 AR 1554 desde C\u00f3rdoba<\/li>\n\n\n\n<li>14:45 AR 1419 desde Neuqu\u00e9n<\/li>\n\n\n\n<li>16:20 AR 1612 desde Mar del Plata<\/li>\n\n\n\n<li>16:45 H2 523 Santiago de Chile<\/li>\n\n\n\n<li>17:45 AR 1534 desde C\u00f3rdoba<\/li>\n\n\n\n<li>18:33 LA 436 Santiago de Chile<\/li>\n\n\n\n<li>20:05 AR 1402 desde Ezeiza<\/li>\n\n\n\n<li>21:20 AR 1416 desde Aeroparque<\/li>\n\n\n\n<li>22:20 WJ 3074 desde Aeroparque<\/li>\n<\/ul>\n\n\n\n<p>El vuelo de Flybondi desde C\u00f3rdoba est\u00e1 en horario, mientras que los dos provenientes de Aeroparque fueron reprogramados.<\/p>\n\n\n\n<h2 class=\"wp-block-heading\">22 vuelos cancelados desde Mendoza<\/h2>\n\n\n\n<ul>\n<li>01:21 CM 421 hacia Panam\u00e1-Tocumen<\/li>\n\n\n\n<li>07:20 AR 1417 hacia Aeroparque<\/li>\n\n\n\n<li>07:40 LP 2434 hacia Lima<\/li>\n\n\n\n<li>08:20 AR 1713 hacia Rosario<\/li>\n\n\n\n<li>08:49 WJ 3071 hacia Aeroparque<\/li>\n\n\n\n<li>09:10 AR 1427 hacia Ezeiza<\/li>\n\n\n\n<li>09:55 AR 1540 hacia C\u00f3rdoba<\/li>\n\n\n\n<li>11:40 AR 1409 hacia Aeroparque<\/li>\n\n\n\n<li>12:25 AR 1407 hacia Aeroparque<\/li>\n\n\n\n<li>13:00 AR 1413 hacia Aeroparque<\/li>\n\n\n\n<li>13:25 AR 1418 hacia Neuqu\u00e9n<\/li>\n\n\n\n<li>14:00 AR 1236 hacia R\u00edo de Janeiro<\/li>\n\n\n\n<li>14:20 WJ 3073 hacia Aeroparque<\/li>\n\n\n\n<li>14:35 AR 1405 hacia Aeroparque<\/li>\n\n\n\n<li>15:10 AR 1555 hacia C\u00f3rdoba<\/li>\n\n\n\n<li>15:35 AR 1449 hacia Aeroparque<\/li>\n\n\n\n<li>17:00 AR 1613 hacia Mar del Plata<\/li>\n\n\n\n<li>17:40 H2 524 hacia Santiago de Chile<\/li>\n\n\n\n<li>18:25 AR 1534 hacia Ezeiza<\/li>\n\n\n\n<li>19:13 LA 437 hacia Santiago de Chile<\/li>\n\n\n\n<li>20:55 AR 1403 hacia Aeroparque<\/li>\n\n\n\n<li>22:53 WJ 3075 hacia Aeroparque<\/li>\n<\/ul>\n\n\n\n<p>Los vuelos de Flybondi operan con cierta normalidad. Ya despeg\u00f3 uno hacia Buenos Aires, mientras se espera que partan otros tres hacia el mismo destino y un cuarto hacia C\u00f3rdoba.<\/p>\n\n\n\n<p>FUENTE: Diariouno.com.ar<\/p>\n","protected":false},"excerpt":{"rendered":"<p>Aerol\u00edneas Argentinas inform\u00f3 a \u00faltima hora del martes la cancelaci\u00f3n de 267 vuelos en todo el pa\u00eds. JetSmart cancel\u00f3 todas sus operaciones. El \u00fanico vuelo que arrib\u00f3 a Mendoza este mi\u00e9rcoles fue de Flybondi Los primeros efectos del\u00a0paro general de la CGT en Mendoza\u00a0se vieron en el\u00a0aeropuerto El Plumerillo, donde fueron cancelados vuelos de JetSmart [&hellip;]<\/p>\n","protected":false},"author":2,"featured_media":4822,"comment_status":"open","ping_status":"open","sticky":true,"template":"","format":"standard","meta":[],"categories":[47],"tags":[],"_links":{"self":[{"href":"https:\/\/pasaenmendoza.com\/index.php?rest_route=\/wp\/v2\/posts\/4821"}],"collection":[{"href":"https:\/\/pasaenmendoza.com\/index.php?rest_route=\/wp\/v2\/posts"}],"about":[{"href":"https:\/\/pasaenmendoza.com\/index.php?rest_route=\/wp\/v2\/types\/post"}],"author":[{"embeddable":true,"href":"https:\/\/pasaenmendoza.com\/index.php?rest_route=\/wp\/v2\/users\/2"}],"replies":[{"embeddable":true,"href":"https:\/\/pasaenmendoza.com\/index.php?rest_route=%2Fwp%2Fv2%2Fcomments&post=4821"}],"version-history":[{"count":1,"href":"https:\/\/pasaenmendoza.com\/index.php?rest_route=\/wp\/v2\/posts\/4821\/revisions"}],"predecessor-version":[{"id":4823,"href":"https:\/\/pasaenmendoza.com\/index.php?rest_route=\/wp\/v2\/posts\/4821\/revisions\/4823"}],"wp:featuredmedia":[{"embeddable":true,"href":"https:\/\/pasaenmendoza.com\/index.php?rest_route=\/wp\/v2\/media\/4822"}],"wp:attachment":[{"href":"https:\/\/pasaenmendoza.com\/index.php?rest_route=%2Fwp%2Fv2%2Fmedia&parent=4821"}],"wp:term":[{"taxonomy":"category","embeddable":true,"href":"https:\/\/pasaenmendoza.com\/index.php?rest_route=%2Fwp%2Fv2%2Fcategories&post=4821"},{"taxonomy":"post_tag","embeddable":true,"href":"https:\/\/pasaenmendoza.com\/index.php?rest_route=%2Fwp%2Fv2%2Ftags&post=4821"}],"curies":[{"name":"wp","href":"https:\/\/api.w.org\/{rel}","templated":true}]}}