{"id":4828,"date":"2024-01-24T14:43:06","date_gmt":"2024-01-24T13:43:06","guid":{"rendered":"https:\/\/pasaenmendoza.com\/?p=4828"},"modified":"2024-01-24T14:43:07","modified_gmt":"2024-01-24T13:43:07","slug":"sagasti-advirtio-que-si-se-aprueba-la-ley-omnibus-los-mendocinos-van-a-pagar-el-doble-de-gas","status":"publish","type":"post","link":"https:\/\/pasaenmendoza.com\/?p=4828","title":{"rendered":"Sagasti advirti\u00f3 que si se aprueba la Ley \u00d3mnibus &#8220;los mendocinos van a pagar el doble de gas&#8221;"},"content":{"rendered":"\n<p>La senadora nacional del PJ por Mendoza,\u00a0<strong>Anabel Fern\u00e1ndez Sagasti, le apunt\u00f3 a la\u00a0Ley \u00d3mnibus<\/strong>\u00a0que impulsa Javier Milei y asegur\u00f3 que\u00a0<strong>si se aprueba unos 450.000 mendocinos van a pagar el doble de gas<\/strong>.<\/p>\n\n\n\n<p>Es que seg\u00fan la legisladora, ese proyecto que se discute en Diputados&nbsp;<strong>deroga la ley de zona fr\u00eda<\/strong>&nbsp;que desde el 2021&nbsp;<strong>beneficia a los usuarios de gas de toda la provincia con un descuento que va del 30% al 50% en la factura que pagan.<\/strong><\/p>\n\n\n\n<p>&#8220;<strong>La motosierra de Milei<\/strong>\u00a0lleg\u00f3 otra vez a los m\u00e1s necesitados y, en plena crisis econ\u00f3mica con la clase trabajadora totalmente golpeada, ahora tambi\u00e9n\u00a0<strong>pretende quitarle a Mendoza un beneficio que tanto le cost\u00f3 conseguir<\/strong>&#8220;, poste\u00f3 Fern\u00e1ndez Sagasti en un largo hilo de X, que titul\u00f3: &#8220;\u00bfPasar el invierno sin fr\u00edo es de casta?&#8221;.<\/p>\n\n\n\n<p>La legisladora record\u00f3 que esa ley de&nbsp;<strong>Zona Fr\u00eda se modific\u00f3 en el 2021<\/strong>&nbsp;y en esa actualizaci\u00f3n&nbsp;<strong>se incluy\u00f3 a los usuarios de toda la provincia entendiendo que en Mendoza se registraban baj\u00edsimas temperaturas que la equiparaban con las patag\u00f3nicas&nbsp;<\/strong>que eran las que ten\u00edan el beneficio hasta ese entonces.<\/p>\n\n\n\n<p>Antes de esa modificaci\u00f3n, que en su momento impuls\u00f3 el diputado Jos\u00e9 Luis Ram\u00f3n, el beneficio s\u00f3lo alcanzaba a la comuna de Malarg\u00fce.<\/p>\n\n\n\n<p>Pero adem\u00e1s refut\u00f3 la derogaci\u00f3n de esa ley, argumentando que&nbsp;<strong>para sostenerla no hace falta que el Estado nacional subsidie a los usuarios<\/strong>, ya que los fondos para costear aquellos descuentos en la boleta del gas provienen de un fondo fiduciario.<\/p>\n\n\n\n<p>&#8220;Un dato importante a resaltar es que&nbsp;<strong>Zona Fr\u00eda se financia a trav\u00e9s de un fondo fiduciario que est\u00e1 compuesto por el aporte de los usuarios de todo el pa\u00eds.<\/strong>&nbsp;Significa que&nbsp;<strong>NO es un subsidio y derogarla NO significar\u00e1 un ahorro para las arcas del Estado<\/strong>&#8220;, cuestion\u00f3 Sagasti.<\/p>\n\n\n\n<p>Y se permiti\u00f3 un arenga a sus pares del Congreso en contra de la mega ley que el Gobierno pretende llevar al recinto de Diputados, previo conseguir un dictamen de mayor\u00eda con la colaboraci\u00f3n de los legisladores de la oposici\u00f3n dialoguista que conforman los integrantes del PRO, la UCR y las fuerzas provinciales.<\/p>\n\n\n\n<p>&#8220;No podemos retroceder: los diputados y senadores, si realmente defienden a Mendoza, no pueden ser c\u00f3mplices de este perjuicio al bolsillo de las familias&#8221;, cerr\u00f3.<\/p>\n\n\n\n<h2 class=\"wp-block-heading\">Sagasti coincidi\u00f3 con Latorre<\/h2>\n\n\n\n<p>El posteo de Sagasti est\u00e1 alineado con una lectura que hizo en su momento la ministra de Energ\u00eda de Mendoza, Jimena Latorre, cuando el presidente Javier Milei anunci\u00f3 la decisi\u00f3n de reducir los subsidios estatales en los servicios de energ\u00eda el\u00e9ctrica y gas.<\/p>\n\n\n\n<p>En aquel momento la funcionaria de Cornejo adelant\u00f3 que de aquellos anuncios se desprend\u00eda que la intenci\u00f3n del Gobierno nacional era cambiar el criterio con el que se otorgaba aquellos subsidios. Pasar de un criterio territorial, esto es teniendo en cuenta el lugar en que residen los usuarios como lo hace la ley de Zona Fr\u00eda, a un criterio que tiene en cuenta los ingresos, previendo subsidiar s\u00f3lo a los sectores vulnerables que no podr\u00edan costear la tarifa completa.<\/p>\n\n\n\n<p>&#8220;De lo que han anunciado se desprende que ahora\u00a0<strong>la Naci\u00f3n pretende subsidiar a la demanda,<\/strong>\u00a0identificando sobretodo a la demanda vulnerable<strong>\u00a0seg\u00fan el nivel de ingresos de los usuarios, que ser\u00eda similar a la tarifa social<\/strong>\u00a0que implement\u00f3 Macri. Eso lleva a pensar que\u00a0<strong>peligra el subsidio con el criterio territorial, como es el caso de la ley de zona fr\u00eda\u00a0<\/strong>que defin\u00eda el beneficio seg\u00fan el lugar en que viven los usuarios, lo que alcanza a Mendoza&#8221;, explic\u00f3 Latorre a fines de diciembre del a\u00f1o pasado.<\/p>\n\n\n\n<p><strong>Fuente: www.diariouno.com.ar<\/strong><\/p>\n","protected":false},"excerpt":{"rendered":"<p>La senadora nacional del PJ por Mendoza,\u00a0Anabel Fern\u00e1ndez Sagasti, le apunt\u00f3 a la\u00a0Ley \u00d3mnibus\u00a0que impulsa Javier Milei y asegur\u00f3 que\u00a0si se aprueba unos 450.000 mendocinos van a pagar el doble de gas. Es que seg\u00fan la legisladora, ese proyecto que se discute en Diputados&nbsp;deroga la ley de zona fr\u00eda&nbsp;que desde el 2021&nbsp;beneficia a los usuarios [&hellip;]<\/p>\n","protected":false},"author":2,"featured_media":4829,"comment_status":"open","ping_status":"open","sticky":false,"template":"","format":"standard","meta":[],"categories":[92],"tags":[],"_links":{"self":[{"href":"https:\/\/pasaenmendoza.com\/index.php?rest_route=\/wp\/v2\/posts\/4828"}],"collection":[{"href":"https:\/\/pasaenmendoza.com\/index.php?rest_route=\/wp\/v2\/posts"}],"about":[{"href":"https:\/\/pasaenmendoza.com\/index.php?rest_route=\/wp\/v2\/types\/post"}],"author":[{"embeddable":true,"href":"https:\/\/pasaenmendoza.com\/index.php?rest_route=\/wp\/v2\/users\/2"}],"replies":[{"embeddable":true,"href":"https:\/\/pasaenmendoza.com\/index.php?rest_route=%2Fwp%2Fv2%2Fcomments&post=4828"}],"version-history":[{"count":1,"href":"https:\/\/pasaenmendoza.com\/index.php?rest_route=\/wp\/v2\/posts\/4828\/revisions"}],"predecessor-version":[{"id":4830,"href":"https:\/\/pasaenmendoza.com\/index.php?rest_route=\/wp\/v2\/posts\/4828\/revisions\/4830"}],"wp:featuredmedia":[{"embeddable":true,"href":"https:\/\/pasaenmendoza.com\/index.php?rest_route=\/wp\/v2\/media\/4829"}],"wp:attachment":[{"href":"https:\/\/pasaenmendoza.com\/index.php?rest_route=%2Fwp%2Fv2%2Fmedia&parent=4828"}],"wp:term":[{"taxonomy":"category","embeddable":true,"href":"https:\/\/pasaenmendoza.com\/index.php?rest_route=%2Fwp%2Fv2%2Fcategories&post=4828"},{"taxonomy":"post_tag","embeddable":true,"href":"https:\/\/pasaenmendoza.com\/index.php?rest_route=%2Fwp%2Fv2%2Ftags&post=4828"}],"curies":[{"name":"wp","href":"https:\/\/api.w.org\/{rel}","templated":true}]}}