{"id":4831,"date":"2024-01-24T14:54:01","date_gmt":"2024-01-24T13:54:01","guid":{"rendered":"https:\/\/pasaenmendoza.com\/?p=4831"},"modified":"2024-01-24T14:54:02","modified_gmt":"2024-01-24T13:54:02","slug":"alfredo-cornejo-propuso-en-espana-que-mendoza-sea-sede-del-foro-mundial-de-turismo-gastronomico","status":"publish","type":"post","link":"https:\/\/pasaenmendoza.com\/?p=4831","title":{"rendered":"Alfredo Cornejo propuso en Espa\u00f1a que Mendoza sea sede del Foro Mundial de Turismo Gastron\u00f3mico"},"content":{"rendered":"\n<p>Mendoza fue postulada por el gobernador\u00a0<strong>Alfredo Cornejo<\/strong>\u00a0como sede para 2025 o 2026 del\u00a0<strong>Foro Mundial de Turismo Gastron\u00f3mico.<\/strong>\u00a0Fue en una reuni\u00f3n con las m\u00e1ximas autoridades de la Organizaci\u00f3n Mundial del Turismo (OMT)\u00a0durante la gira que realiza por Espa\u00f1a acompa\u00f1ado por la presidenta del Emetur, Gabriela Testa.<\/p>\n\n\n\n<p>El mandatario y la titular de Ente Mendoza Turismo mantuvieron un encuentro con el secretario general de la OMT, Zurab Pololikashvili. &#8220;Buscamos no s\u00f3lo ser anfitriones del foro, sino tambi\u00e9n contribuir al desarrollo del turismo en Mendoza y Argentina&#8221;, expres\u00f3 Cornejo.<\/p>\n\n\n\n<p>En el pa\u00eds europeo la comitiva mendocina participar\u00e1 este mi\u00e9rcoles de la\u00a0<strong>Feria Internacional del Turismo 2024<\/strong>\u00a0(Fitur). All\u00ed habr\u00e1 pabellones que acoger\u00e1n a 9.000 empresas y entidades participantes y 96 representaciones oficiales de hasta 152 pa\u00edses.<\/p>\n\n\n\n<figure class=\"wp-block-image\"><img decoding=\"async\" src=\"https:\/\/media.diariouno.com.ar\/p\/5727b58a5e7aaa54800c20508318ce31\/adjuntos\/298\/imagenes\/009\/285\/0009285461\/1200x0\/smart\/tuit-cornejojpg.jpg\" alt=\"\" title=\"\"\/><\/figure>\n\n\n\n<h2 class=\"wp-block-heading\">Mendoza postulada para recibir al Foro Mundial de Turismo Gastron\u00f3mico<\/h2>\n\n\n\n<p>Gabriela Testa detall\u00f3 que \u201cel Foro de Turismo Gastron\u00f3mico de la OMT ya lleva ocho ediciones y se organiza junto con la Basquet Culinary Center, una reconocida casa de altos estudios de gastronom\u00eda.<strong>&nbsp;Mendoza ya tiene una relaci\u00f3n con ellos a trav\u00e9s de AEHGA y de FEHGRA, donde asisten a capacitarse nuestros empresarios.<\/strong>&nbsp;Es un modelo que Mendoza quiere seguir\u201d.<\/p>\n\n\n\n<p>Este encuentro, que celebran juntamente la OMT y su miembro afiliado, el Basque Culinary Center (BCC), se cre\u00f3 con el objetivo de lograr el intercambio de experiencias entre expertos en turismo y gastronom\u00eda, identificar buenas pr\u00e1cticas y promover el turismo gastron\u00f3mico como factor de desarrollo de los destinos.<\/p>\n\n\n\n<p>\u201cEl turismo demostr\u00f3 ser una de las actividades econ\u00f3micas con mayor potencial en la matriz productiva de Mendoza con una oferta multiproducto. Esta actividad encuentra en el enoturismo y la gastronom\u00eda dos tipolog\u00edas que cuentan con reconocimientos internacionales. En este sentido, es que nuestra provincia se postul\u00f3 como sede de este encuentro reconocido mundialmente\u201d, puntualiz\u00f3 Gabriela.<\/p>\n\n\n\n<h2 class=\"wp-block-heading\"><strong>Lazos estrat\u00e9gicos<\/strong><\/h2>\n\n\n\n<p>Al finalizar el encuentro con el secretario general de la Organizaci\u00f3n Mundial del Turismo, se realiz\u00f3 una reuni\u00f3n grupal. Se sumaron el director regional para las Am\u00e9ricas de la OMT, Gustavo Santos; la subsecretaria de Turismo de la Naci\u00f3n, Yanina Mart\u00ednez; el presidente de la Agencia C\u00f3rdoba Turismo, Dario Capitani; el vocal m\u00e1nager de la Agencia C\u00f3rdoba Turismo, Diego Barberis; el presidente del Ente de Turismo de la Ciudad de Buenos Aires, Valent\u00edn D\u00edaz Gilligan, y representantes de Chubut y de la C\u00e1mara Argentina de Turismo.<\/p>\n\n\n\n<p><strong>En esta reuni\u00f3n se trabaj\u00f3 sobre la posibilidad de conseguir inversiones para la Argentina\u00a0<\/strong>y trabajar de manera conjunta para aumentar la demanda. Luego de este encuentro, los funcionarios argentinos participaron en una presentaci\u00f3n de informes por parte de\u00a0<strong>Amadeus<\/strong>, sistema global de distribuci\u00f3n que utilizan las l\u00edneas a\u00e9reas para emitir pasajes. La exposici\u00f3n gir\u00f3 en torno a las perspectivas de viajes 2024, enfocadas en Am\u00e9rica.<\/p>\n\n\n\n<p><strong>Fuente: www.diariouno.com.ar<\/strong><\/p>\n","protected":false},"excerpt":{"rendered":"<p>Mendoza fue postulada por el gobernador\u00a0Alfredo Cornejo\u00a0como sede para 2025 o 2026 del\u00a0Foro Mundial de Turismo Gastron\u00f3mico.\u00a0Fue en una reuni\u00f3n con las m\u00e1ximas autoridades de la Organizaci\u00f3n Mundial del Turismo (OMT)\u00a0durante la gira que realiza por Espa\u00f1a acompa\u00f1ado por la presidenta del Emetur, Gabriela Testa. El mandatario y la titular de Ente Mendoza Turismo mantuvieron [&hellip;]<\/p>\n","protected":false},"author":2,"featured_media":4832,"comment_status":"open","ping_status":"open","sticky":false,"template":"","format":"standard","meta":[],"categories":[64],"tags":[],"_links":{"self":[{"href":"https:\/\/pasaenmendoza.com\/index.php?rest_route=\/wp\/v2\/posts\/4831"}],"collection":[{"href":"https:\/\/pasaenmendoza.com\/index.php?rest_route=\/wp\/v2\/posts"}],"about":[{"href":"https:\/\/pasaenmendoza.com\/index.php?rest_route=\/wp\/v2\/types\/post"}],"author":[{"embeddable":true,"href":"https:\/\/pasaenmendoza.com\/index.php?rest_route=\/wp\/v2\/users\/2"}],"replies":[{"embeddable":true,"href":"https:\/\/pasaenmendoza.com\/index.php?rest_route=%2Fwp%2Fv2%2Fcomments&post=4831"}],"version-history":[{"count":1,"href":"https:\/\/pasaenmendoza.com\/index.php?rest_route=\/wp\/v2\/posts\/4831\/revisions"}],"predecessor-version":[{"id":4833,"href":"https:\/\/pasaenmendoza.com\/index.php?rest_route=\/wp\/v2\/posts\/4831\/revisions\/4833"}],"wp:featuredmedia":[{"embeddable":true,"href":"https:\/\/pasaenmendoza.com\/index.php?rest_route=\/wp\/v2\/media\/4832"}],"wp:attachment":[{"href":"https:\/\/pasaenmendoza.com\/index.php?rest_route=%2Fwp%2Fv2%2Fmedia&parent=4831"}],"wp:term":[{"taxonomy":"category","embeddable":true,"href":"https:\/\/pasaenmendoza.com\/index.php?rest_route=%2Fwp%2Fv2%2Fcategories&post=4831"},{"taxonomy":"post_tag","embeddable":true,"href":"https:\/\/pasaenmendoza.com\/index.php?rest_route=%2Fwp%2Fv2%2Ftags&post=4831"}],"curies":[{"name":"wp","href":"https:\/\/api.w.org\/{rel}","templated":true}]}}