{"id":4837,"date":"2024-01-25T13:02:40","date_gmt":"2024-01-25T12:02:40","guid":{"rendered":"https:\/\/pasaenmendoza.com\/?p=4837"},"modified":"2024-01-25T13:02:42","modified_gmt":"2024-01-25T12:02:42","slug":"desde-mendoza-cruzaron-a-caputo-por-amenazar-con-el-recorte-en-las-partidas-a-las-provincias","status":"publish","type":"post","link":"https:\/\/pasaenmendoza.com\/?p=4837","title":{"rendered":"Desde Mendoza cruzaron a Caputo por amenazar con el recorte en las partidas a las provincias"},"content":{"rendered":"\n<p>Dese la UCR y el peronismo salieron a criticar al ministro de Econom\u00eda de la Naci\u00f3n tras sus \u00faltimas declaraciones.<\/p>\n\n\n\n<p>Un fuerte cruce en redes sociales mantuvieron referentes de la UCR de Mendoza y el peronismo local con el actual ministro de Econom\u00eda,\u00a0<strong>Luis Caputo<\/strong>. El funcionario asegur\u00f3 que estaban estudiando\u00a0c\u00f3mo ser\u00edan los recortes en las partidas a las provincias\u00a0en caso de que haya modificaciones en los art\u00edculos econ\u00f3micos de la<strong>\u00a0ley \u00f3mnibus.<\/strong><\/p>\n\n\n\n<p>&#8220;Hoy mantuve reuni\u00f3n con el secretario de Hacienda y la subsecretaria de Provincias para delinear todas las partidas provinciales que se recortar\u00e1n inmediatamente si alguno de los art\u00edculos econ\u00f3micos es rechazado&#8221;, dijo expresamente\u00a0<strong>Caputo\u00a0<\/strong>en su cuenta de X. Y r\u00e1pidamente varios referentes de otros sectores salieron a responderle.<\/p>\n\n\n\n<p>&#8220;No es una amenaza, es la confirmaci\u00f3n que vamos a cumplir con el mandato que nos han dado la mayor\u00eda de los argentinos de equilibrar las cuentas fiscales para terminar con d\u00e9cadas de inflaci\u00f3n y flagelo econ\u00f3mico&#8221;, agreg\u00f3 el funcionario.<\/p>\n\n\n\n<p>El primero en salir al cruce fue\u00a0<strong>Cobos<\/strong>. &#8220;Ministro, le recuerdo que todos los argentinos a los que se refiere viven en las provincias que componen la Argentina. Esa Argentina representativa (respeto a mayor\u00edas y minor\u00edas), republicana (respeto la divisi\u00f3n de poderes) y federal (respeto las autonom\u00edas provinciales).\u00a0En vez de perder tiempo pensando en asfixiar las econom\u00edas provinciales, trabaje para mejorar la competitividad y el desarrollo regional. Demora a\u00f1os consolidar mercados para nuestros productos y una mala decisi\u00f3n puede hacerlos perder en un d\u00eda. M\u00e1s econom\u00eda y menos finanzas&#8221;, dijo el exgobernador y actual diputado radical.<\/p>\n\n\n\n<p>La respuesta de Nieri no se hizo esperar. El diputado por Mendoza, que firm\u00f3 el dictamen del Gobierno, se\u00f1al\u00f3: &#8220;Aplaudo que se vaya sobre el origen de nuestro problemas, el d\u00e9ficit fiscal&#8221;. Igualmente, contrapuso:&nbsp;&#8220;Pero hay alternativas Ministro para lograr el resultado&#8221;.&nbsp;&#8220;Sume al equipo de ingresos a la reuni\u00f3n, tiene 4 puntos de gasto tributarios que son beneficios sectoriales y no atente contra las exportaciones&#8221;, se\u00f1al\u00f3.<\/p>\n\n\n\n<p>Por su parte, en el peronismo tambi\u00e9n tuvieron una fuerte reacci\u00f3n respecto de los dichos de Luis Caputo. &#8220;L\u00e9ase extorsi\u00f3n a las Provincias&#8221;, dijo la senadora kirchnerista por Mendoza,\u00a0<strong>Anabel Fern\u00e1ndez Sagasti.\u00a0<\/strong>Y se sum\u00f3 el legislador nacional Adolfo Bermejo, quien sostuvo que los dichos del ministro fueron &#8220;innecesarios&#8221;.<\/p>\n\n\n\n<p>FUENTE: Mdzonline.<\/p>\n","protected":false},"excerpt":{"rendered":"<p>Dese la UCR y el peronismo salieron a criticar al ministro de Econom\u00eda de la Naci\u00f3n tras sus \u00faltimas declaraciones. Un fuerte cruce en redes sociales mantuvieron referentes de la UCR de Mendoza y el peronismo local con el actual ministro de Econom\u00eda,\u00a0Luis Caputo. El funcionario asegur\u00f3 que estaban estudiando\u00a0c\u00f3mo ser\u00edan los recortes en las [&hellip;]<\/p>\n","protected":false},"author":2,"featured_media":4838,"comment_status":"open","ping_status":"open","sticky":true,"template":"","format":"standard","meta":[],"categories":[47],"tags":[],"_links":{"self":[{"href":"https:\/\/pasaenmendoza.com\/index.php?rest_route=\/wp\/v2\/posts\/4837"}],"collection":[{"href":"https:\/\/pasaenmendoza.com\/index.php?rest_route=\/wp\/v2\/posts"}],"about":[{"href":"https:\/\/pasaenmendoza.com\/index.php?rest_route=\/wp\/v2\/types\/post"}],"author":[{"embeddable":true,"href":"https:\/\/pasaenmendoza.com\/index.php?rest_route=\/wp\/v2\/users\/2"}],"replies":[{"embeddable":true,"href":"https:\/\/pasaenmendoza.com\/index.php?rest_route=%2Fwp%2Fv2%2Fcomments&post=4837"}],"version-history":[{"count":1,"href":"https:\/\/pasaenmendoza.com\/index.php?rest_route=\/wp\/v2\/posts\/4837\/revisions"}],"predecessor-version":[{"id":4839,"href":"https:\/\/pasaenmendoza.com\/index.php?rest_route=\/wp\/v2\/posts\/4837\/revisions\/4839"}],"wp:featuredmedia":[{"embeddable":true,"href":"https:\/\/pasaenmendoza.com\/index.php?rest_route=\/wp\/v2\/media\/4838"}],"wp:attachment":[{"href":"https:\/\/pasaenmendoza.com\/index.php?rest_route=%2Fwp%2Fv2%2Fmedia&parent=4837"}],"wp:term":[{"taxonomy":"category","embeddable":true,"href":"https:\/\/pasaenmendoza.com\/index.php?rest_route=%2Fwp%2Fv2%2Fcategories&post=4837"},{"taxonomy":"post_tag","embeddable":true,"href":"https:\/\/pasaenmendoza.com\/index.php?rest_route=%2Fwp%2Fv2%2Ftags&post=4837"}],"curies":[{"name":"wp","href":"https:\/\/api.w.org\/{rel}","templated":true}]}}