{"id":4859,"date":"2024-01-25T13:52:06","date_gmt":"2024-01-25T12:52:06","guid":{"rendered":"https:\/\/pasaenmendoza.com\/?p=4859"},"modified":"2024-01-25T13:52:08","modified_gmt":"2024-01-25T12:52:08","slug":"atencion-estatales-el-gobierno-puso-fecha-a-la-reapertura-de-paritarias","status":"publish","type":"post","link":"https:\/\/pasaenmendoza.com\/?p=4859","title":{"rendered":"Atenci\u00f3n estatales: el Gobierno puso fecha a la reapertura de paritarias"},"content":{"rendered":"\n<p>Tras anunciar semanas atr\u00e1s el adelantamiento de las\u00a0<strong>paritarias\u00a0<\/strong>a ra\u00edz de la escalada inflacionaria, el Gobierno de Mendoza confirm\u00f3 este jueves la fecha de la reapertura de las negociaciones salariales. La discusi\u00f3n con los gremios estatales arrancar\u00e1 el lunes 29 de enero y los primeros convocados son el SUTE y ATE.<\/p>\n\n\n\n<p>&#8220;El pr\u00f3ximo lunes 29 de enero el cuerpo paritario y los representantes gremiales del Sindicato Unido de Trabajadores de la Educaci\u00f3n (SUTE) y la Asociaci\u00f3n de Trabajadores del Estado (ATE) reanudan las reuniones\u00a0<strong>paritarias \u00a0<\/strong>y continuar\u00e1n en los pr\u00f3ximos d\u00edas con todos los gremios que nuclean a los agentes de la Administraci\u00f3n P\u00fablica&#8221;, informaron oficialmente esta ma\u00f1ana desde la Casa de Gobierno.<\/p>\n\n\n\n<p>Remarcaron que &#8220;debido a la dif\u00edcil situaci\u00f3n econ\u00f3mica que vive el pa\u00eds y con un alto \u00edndice inflacionario de 25,5% en enero 2024, el Gobierno de Mendoza decidi\u00f3 adelantar m\u00e1s de 60 d\u00edas las\u00a0<strong>paritarias<\/strong>&#8220;.<\/p>\n\n\n\n<p>Asimismo, desde el Gobierno se\u00f1alaron que &#8220;en las \u00faltimas\u00a0<strong>paritarias<\/strong>, qued\u00f3 establecida una cl\u00e1usula de garant\u00eda seg\u00fan la cual el Ejecutivo provincial se compromet\u00eda a reunirse con los representantes de los trabajadores en abril. Con esta decisi\u00f3n, el Ejecutivo adelanta la discusi\u00f3n por un per\u00edodo superior a 60 d\u00edas&#8221;.<\/p>\n\n\n\n<p><strong>Fuente: www.mdzol.com<\/strong><\/p>\n","protected":false},"excerpt":{"rendered":"<p>Tras anunciar semanas atr\u00e1s el adelantamiento de las\u00a0paritarias\u00a0a ra\u00edz de la escalada inflacionaria, el Gobierno de Mendoza confirm\u00f3 este jueves la fecha de la reapertura de las negociaciones salariales. La discusi\u00f3n con los gremios estatales arrancar\u00e1 el lunes 29 de enero y los primeros convocados son el SUTE y ATE. &#8220;El pr\u00f3ximo lunes 29 de [&hellip;]<\/p>\n","protected":false},"author":2,"featured_media":4860,"comment_status":"open","ping_status":"open","sticky":false,"template":"","format":"standard","meta":[],"categories":[55],"tags":[],"_links":{"self":[{"href":"https:\/\/pasaenmendoza.com\/index.php?rest_route=\/wp\/v2\/posts\/4859"}],"collection":[{"href":"https:\/\/pasaenmendoza.com\/index.php?rest_route=\/wp\/v2\/posts"}],"about":[{"href":"https:\/\/pasaenmendoza.com\/index.php?rest_route=\/wp\/v2\/types\/post"}],"author":[{"embeddable":true,"href":"https:\/\/pasaenmendoza.com\/index.php?rest_route=\/wp\/v2\/users\/2"}],"replies":[{"embeddable":true,"href":"https:\/\/pasaenmendoza.com\/index.php?rest_route=%2Fwp%2Fv2%2Fcomments&post=4859"}],"version-history":[{"count":1,"href":"https:\/\/pasaenmendoza.com\/index.php?rest_route=\/wp\/v2\/posts\/4859\/revisions"}],"predecessor-version":[{"id":4861,"href":"https:\/\/pasaenmendoza.com\/index.php?rest_route=\/wp\/v2\/posts\/4859\/revisions\/4861"}],"wp:featuredmedia":[{"embeddable":true,"href":"https:\/\/pasaenmendoza.com\/index.php?rest_route=\/wp\/v2\/media\/4860"}],"wp:attachment":[{"href":"https:\/\/pasaenmendoza.com\/index.php?rest_route=%2Fwp%2Fv2%2Fmedia&parent=4859"}],"wp:term":[{"taxonomy":"category","embeddable":true,"href":"https:\/\/pasaenmendoza.com\/index.php?rest_route=%2Fwp%2Fv2%2Fcategories&post=4859"},{"taxonomy":"post_tag","embeddable":true,"href":"https:\/\/pasaenmendoza.com\/index.php?rest_route=%2Fwp%2Fv2%2Ftags&post=4859"}],"curies":[{"name":"wp","href":"https:\/\/api.w.org\/{rel}","templated":true}]}}