{"id":4862,"date":"2024-01-25T14:52:09","date_gmt":"2024-01-25T13:52:09","guid":{"rendered":"https:\/\/pasaenmendoza.com\/?p=4862"},"modified":"2024-01-25T14:52:10","modified_gmt":"2024-01-25T13:52:10","slug":"mendoza-sufrira-una-prolongada-ola-de-calor-con-maximas-de-39","status":"publish","type":"post","link":"https:\/\/pasaenmendoza.com\/?p=4862","title":{"rendered":"Mendoza sufrir\u00e1 una prolongada ola de calor con m\u00e1ximas de 39\u00b0"},"content":{"rendered":"\n<p>Enero se hace sentir en Mendoza, con altas temperaturas que afectan a todo el territorio provincial y provocar\u00e1n&nbsp;<strong>una ola de calor que durar\u00e1, aproximadamente, una semana.<\/strong><\/p>\n\n\n\n<p>En medio de un mes que se ha caracterizado por ser muy h\u00famedo, tras varias tormentas y jornadas con precipitaciones, las condiciones clim\u00e1ticas para la provincia de Mendoza marcan un\u00a0<strong>claro aumento de las temperaturas que imperar\u00e1n los pr\u00f3ximos d\u00edas.<\/strong><\/p>\n\n\n\n<p>Seg\u00fan el pron\u00f3stico de la Direcci\u00f3n de Contingencias Clim\u00e1ticas, que depende del Ministerio de Producci\u00f3n, durante los pr\u00f3ximos d\u00edas,&nbsp;<strong>las temperaturas m\u00e1ximas estar\u00e1n alrededor de los 38\u00b0, pudiendo haber picos de casi 40\u00b0.<\/strong><\/p>\n\n\n\n<p>Durante este caluroso fin de semana que se aproxima, Contingencias Clim\u00e1ticas advierte sobre la posibilidad de condiciones de\u00a0<strong>inestabilidad en Alta Monta\u00f1a\u00a0<\/strong>para el d\u00eda viernes, que puede provocar precipitaciones.<\/p>\n\n\n\n<p>En tanto que, para el s\u00e1bado 27 de enero y el domingo 28 de enero, se esperan<strong>\u00a0d\u00edas muy calurosos<\/strong>, con vientos moderados del sector noreste y la\u00a0<strong>posibilidad de que se generen tormentas aisladas<\/strong>\u00a0ambos d\u00edas, por la noche.<\/p>\n\n\n\n<p>Luego, a inicios de la pr\u00f3xima semana,&nbsp;<strong>se mantendr\u00e1n las condiciones de altas temperaturas para lunes y martes,<\/strong>&nbsp;pero ya sin la amenaza de inestabilidad.<\/p>\n\n\n\n<p>El meteor\u00f3logo<strong>&nbsp;Mariano Garc\u00eda<\/strong>, confirm\u00f3 al&nbsp;<strong>Post<\/strong>&nbsp;que &#8220;en los pr\u00f3ximos d\u00edas vamos a tener temperaturas m\u00e1ximas muy, muy elevadas. Existe la posibilidad de que tengamos<strong>&nbsp;una ola de calor bastante extendida en el tiempo&#8221;<\/strong>, coment\u00f3.<\/p>\n\n\n\n<p>Para esta semana se esperan temperaturas que &#8220;superar\u00edan f\u00e1cilmente los 35 grados, estamos hablando de que\u00a0<strong>a partir del jueves se prev\u00e9n 37\u00b0, despu\u00e9s 39\u00b0, m\u00e1s o menos hasta el domingo<\/strong>, durante todos los d\u00edas&#8221;, manifest\u00f3.<\/p>\n\n\n\n<p>En tanto que, para la semana que viene, el meteor\u00f3logo se\u00f1al\u00f3 que&nbsp;<strong>&#8220;lunes, martes e incluso el mi\u00e9rcoles tambi\u00e9n, la tendencia ser\u00eda tener temperaturas tambi\u00e9n superiores a los 37\u00b0 o 38 grados&#8221;.<\/strong><\/p>\n\n\n\n<p>Garc\u00eda tambi\u00e9n agreg\u00f3 que la inestabilidad en Alta Monta\u00f1a, podr\u00eda hacer que las temperaturas bajen un poco y traigan un m\u00ednimo alivio, pero las condiciones generales marcan que ser\u00e1n d\u00edas de temperaturas agobiantes, donde<strong>\u00a0las m\u00ednimas tambi\u00e9n ser\u00e1n muy altas<\/strong>, lo que har\u00e1 que la escasa amplitud t\u00e9rmica impida que refresque por las noches.<\/p>\n\n\n\n<p><strong>Pron\u00f3stico extendido<\/strong><\/p>\n\n\n\n<p><strong>Jueves 25\/01:<\/strong>&nbsp;Muy caluroso con poca nubosidad, vientos moderados del noreste. M\u00e1xima: 38\u00baC. M\u00ednima: 24\u00baC.<\/p>\n\n\n\n<p><strong>Viernes 26\/01:\u00a0<\/strong>Muy caluroso con nubosidad variable, vientos moderados del noreste. Inestable en cordillera. M\u00e1xima: 39\u00baC. M\u00ednima: 25\u00baC.<\/p>\n\n\n\n<p><strong>S\u00e1bado 27\/01:<\/strong>&nbsp;Muy caluroso con nubosidad variable, vientos moderados del noreste. Tormentas aisladas hacia la noche. M\u00e1xima: 39\u00baC. M\u00ednima: 26\u00baC.<\/p>\n\n\n\n<p><strong>Domingo 28\/01:&nbsp;<\/strong>Muy caluroso con nubosidad variable, vientos moderados del noreste. Tormentas aisladas hacia la noche. M\u00e1xima: 38\u00baC. M\u00ednima: 26\u00baC.<\/p>\n\n\n\n<p><strong>Lunes: 29\/01:\u00a0<\/strong>Muy caluroso con nubosidad variable, vientos leves del noreste. M\u00e1xima: 38\u00baC. M\u00ednima: 25\u00baC.<\/p>\n\n\n\n<p><strong>Fuente: www.mendozapost.com<\/strong><\/p>\n","protected":false},"excerpt":{"rendered":"<p>Enero se hace sentir en Mendoza, con altas temperaturas que afectan a todo el territorio provincial y provocar\u00e1n&nbsp;una ola de calor que durar\u00e1, aproximadamente, una semana. En medio de un mes que se ha caracterizado por ser muy h\u00famedo, tras varias tormentas y jornadas con precipitaciones, las condiciones clim\u00e1ticas para la provincia de Mendoza marcan [&hellip;]<\/p>\n","protected":false},"author":2,"featured_media":4863,"comment_status":"open","ping_status":"open","sticky":false,"template":"","format":"standard","meta":[],"categories":[52],"tags":[],"_links":{"self":[{"href":"https:\/\/pasaenmendoza.com\/index.php?rest_route=\/wp\/v2\/posts\/4862"}],"collection":[{"href":"https:\/\/pasaenmendoza.com\/index.php?rest_route=\/wp\/v2\/posts"}],"about":[{"href":"https:\/\/pasaenmendoza.com\/index.php?rest_route=\/wp\/v2\/types\/post"}],"author":[{"embeddable":true,"href":"https:\/\/pasaenmendoza.com\/index.php?rest_route=\/wp\/v2\/users\/2"}],"replies":[{"embeddable":true,"href":"https:\/\/pasaenmendoza.com\/index.php?rest_route=%2Fwp%2Fv2%2Fcomments&post=4862"}],"version-history":[{"count":1,"href":"https:\/\/pasaenmendoza.com\/index.php?rest_route=\/wp\/v2\/posts\/4862\/revisions"}],"predecessor-version":[{"id":4864,"href":"https:\/\/pasaenmendoza.com\/index.php?rest_route=\/wp\/v2\/posts\/4862\/revisions\/4864"}],"wp:featuredmedia":[{"embeddable":true,"href":"https:\/\/pasaenmendoza.com\/index.php?rest_route=\/wp\/v2\/media\/4863"}],"wp:attachment":[{"href":"https:\/\/pasaenmendoza.com\/index.php?rest_route=%2Fwp%2Fv2%2Fmedia&parent=4862"}],"wp:term":[{"taxonomy":"category","embeddable":true,"href":"https:\/\/pasaenmendoza.com\/index.php?rest_route=%2Fwp%2Fv2%2Fcategories&post=4862"},{"taxonomy":"post_tag","embeddable":true,"href":"https:\/\/pasaenmendoza.com\/index.php?rest_route=%2Fwp%2Fv2%2Ftags&post=4862"}],"curies":[{"name":"wp","href":"https:\/\/api.w.org\/{rel}","templated":true}]}}