{"id":4865,"date":"2024-01-25T15:00:09","date_gmt":"2024-01-25T14:00:09","guid":{"rendered":"https:\/\/pasaenmendoza.com\/?p=4865"},"modified":"2024-01-25T15:00:10","modified_gmt":"2024-01-25T14:00:10","slug":"definen-si-el-menor-acusado-de-matar-en-maipu-pasara-al-ex-cose","status":"publish","type":"post","link":"https:\/\/pasaenmendoza.com\/?p=4865","title":{"rendered":"Definen si el menor acusado de matar en Maip\u00fa pasar\u00e1 al ex Cose"},"content":{"rendered":"\n<p>Una jueza Penal de Menores definir\u00e1 en las pr\u00f3ximas horas si el adolescente de 16 a\u00f1os acusado de matar de un puntazo a&nbsp;<strong>Lucas Mart\u00edn Lucero<\/strong>&nbsp;(19), en el&nbsp;<strong>barrio N\u00e9lida Cristina&nbsp;<\/strong>de<strong>&nbsp;Maip\u00fa<\/strong>, quedar\u00e1 alojado en la sede de la&nbsp;<strong>Direcci\u00f3n de Responsabilidad Penal Juvenil<\/strong>&nbsp;(<strong>ex Cose<\/strong>), ubicada en el oeste de&nbsp;<strong>Godoy Cruz<\/strong>.<\/p>\n\n\n\n<p>La magistrada&nbsp;<strong>Natalia Navarro<\/strong>, del&nbsp;<strong>Primer Juzgado en lo Penal de Menores<\/strong>, quien se encuentra subrogando a su par&nbsp;<strong>Eleonora Monti<\/strong>, aguarda por la incorporaci\u00f3n al expediente de los resultados de los peritajes psiqui\u00e1tricos al sospechoso y otras pruebas para determinar su futuro.<\/p>\n\n\n\n<p>El presunto matador\u00a0<mark>fue imputado por\u00a0<strong>homicidio simple<\/strong>\u00a0por la\u00a0<strong>fiscal de Menores Liliana Curri<\/strong>\u00a0y permanec\u00eda hasta la tarde de este mi\u00e9rcoles alojado en la ex\u00a0<strong>Comisar\u00eda del Menor<\/strong><\/mark>, ahora llamada\u00a0<strong>Unidad de Procedimiento y Abordaje de la Ni\u00f1ez y Adolescencia<\/strong>\u00a0(<strong>UPANA<\/strong>).<\/p>\n\n\n\n<p>Por su parte,&nbsp;<mark>familiares de la v\u00edctima escracharon en las redes al detenido y otros dos j\u00f3venes que, aseguran, habr\u00edan participado en las agresiones<\/mark>&nbsp;que desembocaron en el crimen de Lucero.<\/p>\n\n\n\n<p>Pese a eso, fuentes allegadas a la investigaci\u00f3n explicaron que, por ahora, s\u00f3lo el adolescente que fue capturado instantes despu\u00e9s del hecho est\u00e1 sindicado como autor en el expediente.<\/p>\n\n\n\n<p>Agregaron que no surge de las averiguaciones practicadas que otros dos sujetos hayan estado involucrados en el ataque letal contra Lucero. No obstante,\u00a0<mark>tampoco descartan por completo que con el pasar de los d\u00edas surjan otras pruebas que los terminen colocando como coautores del asesinato<\/mark>.<\/p>\n\n\n\n<p>En ese sentido, a\u00fan resta por incorporar el resultado de la necropsia para determinar si la v\u00edctima s\u00f3lo recibi\u00f3 una herida punzocortante que le provoc\u00f3 la muerte o si presentaba otras lesiones que apunten a una agresi\u00f3n perpetrada por dos o m\u00e1s personas, se\u00f1ala la informaci\u00f3n.<\/p>\n\n\n\n<p>En tanto,&nbsp;<mark>tampoco se plasmaron pruebas que apunten a un caso de leg\u00edtima defensa, tal como lo afirm\u00f3 el menor imputado ante los polic\u00edas que fueron a detenerlo<\/mark>&nbsp;a su casa del&nbsp;<strong>barrio Bandera Argentina<\/strong>, donde fue entregado por su madre.<\/p>\n\n\n\n<p>El se\u00f1alado autor del crimen le dijo a los efectivos que desde hace tiempo acarreaba problemas con Lucero, quien en medio de una pelea trat\u00f3 de agredirlo con un arma blanca.<\/p>\n\n\n\n<p>En esa versi\u00f3n, el adolescente a\u00f1adi\u00f3 que logr\u00f3 quitarle el cuchillo a la v\u00edctima,\u00a0<mark>lo lesion\u00f3 y luego se retir\u00f3 hacia su domicilio, ubicado a unos 250 metros de la escena, descartando el arma homicida en el trayecto<\/mark>, de acuerdo con el procedimiento policial.<\/p>\n\n\n\n<p>Pero las fuentes consultadas aclararon que ese relato deber\u00e1 ser ratificado en el expediente por el menor acusado y que, hasta el momento, s\u00f3lo se trata de una versi\u00f3n y que no hay pruebas o testimonios que la sostengan.<\/p>\n\n\n\n<p><strong>El crimen<\/strong><\/p>\n\n\n\n<p>Fue cerca de las 23 del lunes cuando Lucero, domiciliado en el&nbsp;<strong>barrio Las Torcarcitas<\/strong>, caminaba junto a su novia y las dos hijas de ella por la zona de&nbsp;<strong>calles Einstein e Ibarborou<\/strong>.<\/p>\n\n\n\n<p>En ese cruce se top\u00f3 con tres adolescentes con los que ten\u00eda problemas de vieja data, indica la pesquisa, y se inici\u00f3 una ri\u00f1a. Acto seguido,\u00a0<mark>uno de los sospechosos le propin\u00f3 un puntazo a la v\u00edctima cerca de la axila izquierda<\/mark>.<\/p>\n\n\n\n<p>Hasta el lugar llegaron polic\u00edas y una ambulancia del<strong>&nbsp;Servicio de Emergencias Coordinado<\/strong>&nbsp;(<strong>SEC<\/strong>). En un principio, Lucero estaba consciente y hasta pudo hablar con los funcionarios, a quienes les relat\u00f3 que hab\u00eda salido a comprar cigarrillos.<\/p>\n\n\n\n<p>Luego, fue trasladado en ambulancia hasta el<strong>&nbsp;Hospital Paroissien<\/strong>, donde los m\u00e9dicos constataron que&nbsp;<mark>estaba comprometido de salud porque la herida de arma blanca le afect\u00f3 una arteria<\/mark>.<\/p>\n\n\n\n<p>Ya durante la madrugada del martes, aproximadamente a las 0.40, desde el nosocomio maipucino informaron que Lucero hab\u00eda perdido la vida.<\/p>\n\n\n\n<p><strong>Fuente: www.elsol.com.ar<\/strong><\/p>\n","protected":false},"excerpt":{"rendered":"<p>Una jueza Penal de Menores definir\u00e1 en las pr\u00f3ximas horas si el adolescente de 16 a\u00f1os acusado de matar de un puntazo a&nbsp;Lucas Mart\u00edn Lucero&nbsp;(19), en el&nbsp;barrio N\u00e9lida Cristina&nbsp;de&nbsp;Maip\u00fa, quedar\u00e1 alojado en la sede de la&nbsp;Direcci\u00f3n de Responsabilidad Penal Juvenil&nbsp;(ex Cose), ubicada en el oeste de&nbsp;Godoy Cruz. La magistrada&nbsp;Natalia Navarro, del&nbsp;Primer Juzgado en lo Penal [&hellip;]<\/p>\n","protected":false},"author":2,"featured_media":4866,"comment_status":"open","ping_status":"open","sticky":false,"template":"","format":"standard","meta":[],"categories":[48],"tags":[],"_links":{"self":[{"href":"https:\/\/pasaenmendoza.com\/index.php?rest_route=\/wp\/v2\/posts\/4865"}],"collection":[{"href":"https:\/\/pasaenmendoza.com\/index.php?rest_route=\/wp\/v2\/posts"}],"about":[{"href":"https:\/\/pasaenmendoza.com\/index.php?rest_route=\/wp\/v2\/types\/post"}],"author":[{"embeddable":true,"href":"https:\/\/pasaenmendoza.com\/index.php?rest_route=\/wp\/v2\/users\/2"}],"replies":[{"embeddable":true,"href":"https:\/\/pasaenmendoza.com\/index.php?rest_route=%2Fwp%2Fv2%2Fcomments&post=4865"}],"version-history":[{"count":1,"href":"https:\/\/pasaenmendoza.com\/index.php?rest_route=\/wp\/v2\/posts\/4865\/revisions"}],"predecessor-version":[{"id":4867,"href":"https:\/\/pasaenmendoza.com\/index.php?rest_route=\/wp\/v2\/posts\/4865\/revisions\/4867"}],"wp:featuredmedia":[{"embeddable":true,"href":"https:\/\/pasaenmendoza.com\/index.php?rest_route=\/wp\/v2\/media\/4866"}],"wp:attachment":[{"href":"https:\/\/pasaenmendoza.com\/index.php?rest_route=%2Fwp%2Fv2%2Fmedia&parent=4865"}],"wp:term":[{"taxonomy":"category","embeddable":true,"href":"https:\/\/pasaenmendoza.com\/index.php?rest_route=%2Fwp%2Fv2%2Fcategories&post=4865"},{"taxonomy":"post_tag","embeddable":true,"href":"https:\/\/pasaenmendoza.com\/index.php?rest_route=%2Fwp%2Fv2%2Ftags&post=4865"}],"curies":[{"name":"wp","href":"https:\/\/api.w.org\/{rel}","templated":true}]}}