{"id":4868,"date":"2024-01-25T15:03:24","date_gmt":"2024-01-25T14:03:24","guid":{"rendered":"https:\/\/pasaenmendoza.com\/?p=4868"},"modified":"2024-01-25T15:03:26","modified_gmt":"2024-01-25T14:03:26","slug":"un-hombre-de-33-anos-fue-asesinado-en-lujan","status":"publish","type":"post","link":"https:\/\/pasaenmendoza.com\/?p=4868","title":{"rendered":"Un hombre de 33 a\u00f1os fue asesinado en Luj\u00e1n"},"content":{"rendered":"\n<p>Un&nbsp;<strong>hombre de 33 a\u00f1os fue asesinado<\/strong>&nbsp;este mi\u00e9rcoles por la noche en el departamento de Luj\u00e1n de Cuyo en medio de una ri\u00f1a entre vecinos de la zona. El hermano de la v\u00edctima fatal qued\u00f3 gravemente herido.<\/p>\n\n\n\n<p>El hecho ocurri\u00f3 alrededor de las 20.45 en el barrio Las Margaritas, en Mayor Drummond, all\u00ed&nbsp;<strong>N\u00e9stor Magallanes Aguirre y su hermano de 28 a\u00f1os<\/strong>&nbsp;fueron a comprar y se cruzaron con un grupo con quien tendr\u00edan problemas de vieja data.<\/p>\n\n\n\n<p>Comenzaron a discutir, pelearon y los hermanos quedaron lesionados. Los presuntos agresores se fueron en un Peugeot 504.<\/p>\n\n\n\n<p>En el lugar, mientras que su hermano recibi\u00f3 disparos en su pierna izquierda. Este \u00faltimo ingres\u00f3 por su cuenta al hospital Paroissien.<\/p>\n\n\n\n<p>La v\u00edctima fatal ten\u00eda un importante prontuario por robo agravado, hurto, robo simple, portaci\u00f3n ilegal de arma de fuego, entre otras causas cometidas entre 2009 y 2020.<\/p>\n\n\n\n<p>Por el hecho hay cuatro sospechosos que la Polic\u00eda identific\u00f3 como &#8220;El Bebe&#8221;, &#8220;El Negro&#8221;, y dos hombres m\u00e1s de 23 y 25 a\u00f1os.<\/p>\n\n\n\n<p><strong>Muerte, incendio y locura<\/strong><\/p>\n\n\n\n<p>Conocido el deceso de Magallanes, los vecinos y familiares incendiaron tres viviendas precarias y un auto Renault 12 en la barriada. Las casas ser\u00edan las de los sospechosos del crimen.<\/p>\n\n\n\n<p>Al lugar llegaron Bomberos Voluntarios de Luj\u00e1n de Cuyo, pero fueron interceptados por un grupo de personas, quienes les arrojaron piedras y agredieron al personal.&nbsp;<\/p>\n\n\n\n<p>La Autobomba termin\u00f3 con los vidrios rotos y un bombero con lesiones leves.<\/p>\n\n\n\n<p><strong>Fuente: www.mendozapost.com<\/strong><\/p>\n","protected":false},"excerpt":{"rendered":"<p>Un&nbsp;hombre de 33 a\u00f1os fue asesinado&nbsp;este mi\u00e9rcoles por la noche en el departamento de Luj\u00e1n de Cuyo en medio de una ri\u00f1a entre vecinos de la zona. El hermano de la v\u00edctima fatal qued\u00f3 gravemente herido. El hecho ocurri\u00f3 alrededor de las 20.45 en el barrio Las Margaritas, en Mayor Drummond, all\u00ed&nbsp;N\u00e9stor Magallanes Aguirre y [&hellip;]<\/p>\n","protected":false},"author":2,"featured_media":4869,"comment_status":"open","ping_status":"open","sticky":false,"template":"","format":"standard","meta":[],"categories":[48],"tags":[],"_links":{"self":[{"href":"https:\/\/pasaenmendoza.com\/index.php?rest_route=\/wp\/v2\/posts\/4868"}],"collection":[{"href":"https:\/\/pasaenmendoza.com\/index.php?rest_route=\/wp\/v2\/posts"}],"about":[{"href":"https:\/\/pasaenmendoza.com\/index.php?rest_route=\/wp\/v2\/types\/post"}],"author":[{"embeddable":true,"href":"https:\/\/pasaenmendoza.com\/index.php?rest_route=\/wp\/v2\/users\/2"}],"replies":[{"embeddable":true,"href":"https:\/\/pasaenmendoza.com\/index.php?rest_route=%2Fwp%2Fv2%2Fcomments&post=4868"}],"version-history":[{"count":1,"href":"https:\/\/pasaenmendoza.com\/index.php?rest_route=\/wp\/v2\/posts\/4868\/revisions"}],"predecessor-version":[{"id":4870,"href":"https:\/\/pasaenmendoza.com\/index.php?rest_route=\/wp\/v2\/posts\/4868\/revisions\/4870"}],"wp:featuredmedia":[{"embeddable":true,"href":"https:\/\/pasaenmendoza.com\/index.php?rest_route=\/wp\/v2\/media\/4869"}],"wp:attachment":[{"href":"https:\/\/pasaenmendoza.com\/index.php?rest_route=%2Fwp%2Fv2%2Fmedia&parent=4868"}],"wp:term":[{"taxonomy":"category","embeddable":true,"href":"https:\/\/pasaenmendoza.com\/index.php?rest_route=%2Fwp%2Fv2%2Fcategories&post=4868"},{"taxonomy":"post_tag","embeddable":true,"href":"https:\/\/pasaenmendoza.com\/index.php?rest_route=%2Fwp%2Fv2%2Ftags&post=4868"}],"curies":[{"name":"wp","href":"https:\/\/api.w.org\/{rel}","templated":true}]}}