{"id":4880,"date":"2024-01-26T13:40:35","date_gmt":"2024-01-26T12:40:35","guid":{"rendered":"https:\/\/pasaenmendoza.com\/?p=4880"},"modified":"2024-01-26T13:40:38","modified_gmt":"2024-01-26T12:40:38","slug":"reforma-de-la-corte-en-febrero-comenzara-el-sorteo-de-causas","status":"publish","type":"post","link":"https:\/\/pasaenmendoza.com\/?p=4880","title":{"rendered":"Reforma de la Corte: en febrero comenzar\u00e1 el sorteo de causas"},"content":{"rendered":"\n<p>As\u00ed lo detall\u00f3 una acordada publicada este viernes en el Bolet\u00edn Oficial.<\/p>\n\n\n\n<p>La&nbsp;<strong>Suprema Corte de Mendoza<\/strong>&nbsp;avanz\u00f3 este viernes con la implementaci\u00f3n de la&nbsp;<strong>ley N\u00b09.423<\/strong>, en la cual con el objetivo de finalizar con el llamado \u201c<strong>f\u00f3rum shopping<\/strong>\u201d se sortear\u00e1n las causas que ingresen al m\u00e1ximo tribunal.<\/p>\n\n\n\n<p>Seg\u00fan indica la acordada 31428 publicada este viernes en el Bolet\u00edn Oficial, pero con fecha del 29 de diciembre pasado, establece que a partir del 1 de enero, las causas que correspondan a los fueros civil, comercial, minas, de paz letrado y tributario, familia y violencia familia, ingresen por la mesa de entrada de la ex Sala Primera,<mark>\u00a0para que el 9 de febrero se comiencen con los sorteos del tribunal correspondiente.<\/mark><\/p>\n\n\n\n<p>De esta forma se avanza con la implementaci\u00f3n plena de la ley sancionada a finales del 2022, en el cual se cambi\u00f3 el funcionamiento del Tribunal Supremo de la provincia, con el objetivo de evitar \u201c<em>la elecci\u00f3n<\/em>\u201d de jueces para ciertas causas.<\/p>\n\n\n\n<p>Vale recordar que el 18 de noviembre del 2022 se hab\u00eda comenzado con los sorteos, pero s\u00f3lo con las causas del fuero contencioso-administrativo. Es decir, aquellas donde se acciona contra el Estado o donde el Estado acciona contra un particular.<\/p>\n\n\n\n<p>Uno de los objetivos del proyecto oficial que se sancion\u00f3 en la Legislatura fue eliminar el \u201cf\u00f3rum shopping\u201d, la especulaci\u00f3n en la elecci\u00f3n de las salas para presentar las demandas. Anteriormente, las causas que ingresaban del 1 al 15 de cada mes, lo hac\u00edan por la Sala I, y del 16 al \u00faltimo d\u00eda del mes, las acciones ingresaban por la Sala II.<\/p>\n\n\n\n<p>FUENTE: Elsol.com.ar <\/p>\n","protected":false},"excerpt":{"rendered":"<p>As\u00ed lo detall\u00f3 una acordada publicada este viernes en el Bolet\u00edn Oficial. La&nbsp;Suprema Corte de Mendoza&nbsp;avanz\u00f3 este viernes con la implementaci\u00f3n de la&nbsp;ley N\u00b09.423, en la cual con el objetivo de finalizar con el llamado \u201cf\u00f3rum shopping\u201d se sortear\u00e1n las causas que ingresen al m\u00e1ximo tribunal. Seg\u00fan indica la acordada 31428 publicada este viernes en [&hellip;]<\/p>\n","protected":false},"author":2,"featured_media":4882,"comment_status":"open","ping_status":"open","sticky":true,"template":"","format":"standard","meta":[],"categories":[47],"tags":[],"_links":{"self":[{"href":"https:\/\/pasaenmendoza.com\/index.php?rest_route=\/wp\/v2\/posts\/4880"}],"collection":[{"href":"https:\/\/pasaenmendoza.com\/index.php?rest_route=\/wp\/v2\/posts"}],"about":[{"href":"https:\/\/pasaenmendoza.com\/index.php?rest_route=\/wp\/v2\/types\/post"}],"author":[{"embeddable":true,"href":"https:\/\/pasaenmendoza.com\/index.php?rest_route=\/wp\/v2\/users\/2"}],"replies":[{"embeddable":true,"href":"https:\/\/pasaenmendoza.com\/index.php?rest_route=%2Fwp%2Fv2%2Fcomments&post=4880"}],"version-history":[{"count":1,"href":"https:\/\/pasaenmendoza.com\/index.php?rest_route=\/wp\/v2\/posts\/4880\/revisions"}],"predecessor-version":[{"id":4883,"href":"https:\/\/pasaenmendoza.com\/index.php?rest_route=\/wp\/v2\/posts\/4880\/revisions\/4883"}],"wp:featuredmedia":[{"embeddable":true,"href":"https:\/\/pasaenmendoza.com\/index.php?rest_route=\/wp\/v2\/media\/4882"}],"wp:attachment":[{"href":"https:\/\/pasaenmendoza.com\/index.php?rest_route=%2Fwp%2Fv2%2Fmedia&parent=4880"}],"wp:term":[{"taxonomy":"category","embeddable":true,"href":"https:\/\/pasaenmendoza.com\/index.php?rest_route=%2Fwp%2Fv2%2Fcategories&post=4880"},{"taxonomy":"post_tag","embeddable":true,"href":"https:\/\/pasaenmendoza.com\/index.php?rest_route=%2Fwp%2Fv2%2Ftags&post=4880"}],"curies":[{"name":"wp","href":"https:\/\/api.w.org\/{rel}","templated":true}]}}