{"id":4881,"date":"2024-01-26T13:41:30","date_gmt":"2024-01-26T12:41:30","guid":{"rendered":"https:\/\/pasaenmendoza.com\/?p=4881"},"modified":"2024-01-26T13:41:31","modified_gmt":"2024-01-26T12:41:31","slug":"choque-y-vuelco-en-pleno-centro-de-mendoza-en-la-manana-de-este-viernes","status":"publish","type":"post","link":"https:\/\/pasaenmendoza.com\/?p=4881","title":{"rendered":"Choque y vuelco en pleno centro de Mendoza en la ma\u00f1ana de este viernes"},"content":{"rendered":"\n<p>Un\u00a0<strong>aparatoso choque<\/strong>\u00a0se produjo a primera hora de la ma\u00f1ana de este viernes en pleno centro de la\u00a0<strong>Ciudad<\/strong>\u00a0de Mendoza. Dos veh\u00edculos impactaron de frente y uno de ellos volc\u00f3.<\/p>\n\n\n\n<p>El conductor de un\u00a0<strong>Renault Sandero\u00a0<\/strong>transitaba por calle\u00a0<strong>Guti\u00e9rrez<\/strong>\u00a0hacia el Este y aparentemente se qued\u00f3 dormido en el cruce con calle\u00a0<strong>Patricias Mendocinas<\/strong>.<\/p>\n\n\n\n<p>All\u00ed impact\u00f3 con un<strong>\u00a0Fiat Cronos<\/strong>\u00a0que ven\u00eda por Patricias hacia el Sur. Por el choque, este rodado volc\u00f3 y qued\u00f3 interrumpiendo el tr\u00e1nsito en ambas arterias.<\/p>\n\n\n\n<p>Por lo tanto, personal de Tr\u00e1nsito de la Ciudad de Mendoza interrumpi\u00f3 la circulaci\u00f3n en Necochea hasta que puedan retirar los veh\u00edculos.<\/p>\n\n\n\n<p>Los conductores fueron trasladados en una ambulancia del Servicio Coordinado de Emergencia (SEC) por las heridas que sufrieron en el choque.\u00a0\u00a0<\/p>\n\n\n\n<p><strong>Fuente: www.mendozapost.com<\/strong><\/p>\n","protected":false},"excerpt":{"rendered":"<p>Un\u00a0aparatoso choque\u00a0se produjo a primera hora de la ma\u00f1ana de este viernes en pleno centro de la\u00a0Ciudad\u00a0de Mendoza. Dos veh\u00edculos impactaron de frente y uno de ellos volc\u00f3. El conductor de un\u00a0Renault Sandero\u00a0transitaba por calle\u00a0Guti\u00e9rrez\u00a0hacia el Este y aparentemente se qued\u00f3 dormido en el cruce con calle\u00a0Patricias Mendocinas. All\u00ed impact\u00f3 con un\u00a0Fiat Cronos\u00a0que ven\u00eda por [&hellip;]<\/p>\n","protected":false},"author":2,"featured_media":4885,"comment_status":"open","ping_status":"open","sticky":false,"template":"","format":"standard","meta":[],"categories":[48],"tags":[],"_links":{"self":[{"href":"https:\/\/pasaenmendoza.com\/index.php?rest_route=\/wp\/v2\/posts\/4881"}],"collection":[{"href":"https:\/\/pasaenmendoza.com\/index.php?rest_route=\/wp\/v2\/posts"}],"about":[{"href":"https:\/\/pasaenmendoza.com\/index.php?rest_route=\/wp\/v2\/types\/post"}],"author":[{"embeddable":true,"href":"https:\/\/pasaenmendoza.com\/index.php?rest_route=\/wp\/v2\/users\/2"}],"replies":[{"embeddable":true,"href":"https:\/\/pasaenmendoza.com\/index.php?rest_route=%2Fwp%2Fv2%2Fcomments&post=4881"}],"version-history":[{"count":1,"href":"https:\/\/pasaenmendoza.com\/index.php?rest_route=\/wp\/v2\/posts\/4881\/revisions"}],"predecessor-version":[{"id":4886,"href":"https:\/\/pasaenmendoza.com\/index.php?rest_route=\/wp\/v2\/posts\/4881\/revisions\/4886"}],"wp:featuredmedia":[{"embeddable":true,"href":"https:\/\/pasaenmendoza.com\/index.php?rest_route=\/wp\/v2\/media\/4885"}],"wp:attachment":[{"href":"https:\/\/pasaenmendoza.com\/index.php?rest_route=%2Fwp%2Fv2%2Fmedia&parent=4881"}],"wp:term":[{"taxonomy":"category","embeddable":true,"href":"https:\/\/pasaenmendoza.com\/index.php?rest_route=%2Fwp%2Fv2%2Fcategories&post=4881"},{"taxonomy":"post_tag","embeddable":true,"href":"https:\/\/pasaenmendoza.com\/index.php?rest_route=%2Fwp%2Fv2%2Ftags&post=4881"}],"curies":[{"name":"wp","href":"https:\/\/api.w.org\/{rel}","templated":true}]}}