{"id":4884,"date":"2024-01-26T13:44:33","date_gmt":"2024-01-26T12:44:33","guid":{"rendered":"https:\/\/pasaenmendoza.com\/?p=4884"},"modified":"2024-01-26T13:44:36","modified_gmt":"2024-01-26T12:44:36","slug":"en-que-estado-esta-el-tramite-de-conformacion-de-la-bicameral-de-seguridad","status":"publish","type":"post","link":"https:\/\/pasaenmendoza.com\/?p=4884","title":{"rendered":"En qu\u00e9 estado est\u00e1 el tr\u00e1mite de conformaci\u00f3n de la Bicameral de Seguridad"},"content":{"rendered":"\n<p>Un tema remanido en la agenda legislativa es la conformaci\u00f3n&nbsp;<strong>&nbsp;de la Bicameral de Seguridad.&nbsp;<\/strong>Este organismo que re\u00fane a miembros de cada bloque y que componen legisladores de ambas C\u00e1maras, tiene el fin de darle un marco al debate en torno a temas de Seguridad.<\/p>\n\n\n\n<p>La\u00a0<strong>Bicameral de Seguridad\u00a0<\/strong>es un organismo que hist\u00f3ricamente se ha conformado para que los partidos puedan presentar proyectos de Ley o propuestas para mejorar la seguridad en Mendoza.\u00a0<\/p>\n\n\n\n<p>Sin embargo,<strong>&nbsp;durante 2023 no se conform\u00f3, debido a desavenencias pol\u00edticas y el extenso calendario electoral<\/strong>&nbsp;para definir las nuevas autoridades nacionales y provinciales.&nbsp;<\/p>\n\n\n\n<p>Para el gobierno provincial, la creaci\u00f3n de la Bicameral\u00a0<strong>&#8220;a\u00fan no est\u00e1 en agenda&#8221;<\/strong>, seg\u00fan confirm\u00f3 al\u00a0<strong>Post<\/strong>\u00a0<strong>el senador Andr\u00e9s &#8220;Peti&#8221; Lombardi,<\/strong>\u00a0presidente de la C\u00e1mara de Diputados de Mendoza.\u00a0<\/p>\n\n\n\n<p>Esto ocurre debido a que, al no haberse conformado la Comisi\u00f3n en 2023, &#8220;<strong>primero hay que definir a qu\u00e9 C\u00e1mara le corresponde presidirla,<\/strong>\u00a0si a diputados o senadores&#8221;, explic\u00f3.\u00a0<\/p>\n\n\n\n<p>El procedimiento de conformaci\u00f3n de la Bicameral se compone de la elecci\u00f3n de representantes de cada bloque de ambas c\u00e1maras, para que integren dicho organismo. Este proceso formal no se puede realizar porque todav\u00eda&nbsp;<strong>no est\u00e1n conformados todos los bloques<\/strong>, tras la salida de La Uni\u00f3n Mendocina de muchos de sus legisladores, lo que dificulta esta tarea.&nbsp;<\/p>\n\n\n\n<p>A pesar de esto, el diputado Lombardi aclar\u00f3 que&nbsp;<strong>la Bicameral &#8220;se va a conformar&#8221;<\/strong>&nbsp;y que, probablemente, &#8220;la semana que viene empecemos a tener las charlas necesarias para comenzar el proceso&#8221;, aunque primero reconoci\u00f3 que &#8220;hay que definir qui\u00e9n la va a presidir&#8221;.<\/p>\n\n\n\n<p>Legisladores del peronismo provincial han pedido que se formalicen las gestiones para conformar efectivamente la Bicameral, como se lo confirm\u00f3 al\u00a0<strong>Post<\/strong>\u00a0el senador\u00a0<strong>F\u00e9lix Gonz\u00e1lez.\u00a0<\/strong><\/p>\n\n\n\n<p>Gonz\u00e1lez expres\u00f3 que desde el PJ creen que &#8220;<strong>es indispensable que se cree la Bicameral<\/strong>, para darle un espacio institucional al debate y las propuestas de los partidos&#8221;.&nbsp;<\/p>\n\n\n\n<p>&#8220;Hay que plantearse propositivamente c\u00f3mo mejorar las cosas. Queremos que se ponga en funcionamiento la Bicameral, que ya est\u00e1 legislada y que\u00a0<strong>tendr\u00eda que estar funcionando<\/strong>&#8220;. &#8220;Le pedimos a la vicegobernadora (Hebe Casado), que articule esta situaci\u00f3n con el presidente de la C\u00e1mara de Diputados para que se pueda poner en funcionamiento&#8221;, explic\u00f3 Gonz\u00e1lez.\u00a0<\/p>\n\n\n\n<p>De esta manera, la pol\u00edtica mendocina tiene otro frente de debate, para definir si se conforma o no la Bicameral de Seguridad, en medio de un ambiente donde el tema de la inseguridad se ha instalado en la ciudadan\u00eda.\u00a0<\/p>\n\n\n\n<p>FUENTE: Mendozapost.<\/p>\n\n\n\n<p><\/p>\n","protected":false},"excerpt":{"rendered":"<p>Un tema remanido en la agenda legislativa es la conformaci\u00f3n&nbsp;&nbsp;de la Bicameral de Seguridad.&nbsp;Este organismo que re\u00fane a miembros de cada bloque y que componen legisladores de ambas C\u00e1maras, tiene el fin de darle un marco al debate en torno a temas de Seguridad. La\u00a0Bicameral de Seguridad\u00a0es un organismo que hist\u00f3ricamente se ha conformado para [&hellip;]<\/p>\n","protected":false},"author":2,"featured_media":4887,"comment_status":"open","ping_status":"open","sticky":true,"template":"","format":"standard","meta":[],"categories":[47],"tags":[],"_links":{"self":[{"href":"https:\/\/pasaenmendoza.com\/index.php?rest_route=\/wp\/v2\/posts\/4884"}],"collection":[{"href":"https:\/\/pasaenmendoza.com\/index.php?rest_route=\/wp\/v2\/posts"}],"about":[{"href":"https:\/\/pasaenmendoza.com\/index.php?rest_route=\/wp\/v2\/types\/post"}],"author":[{"embeddable":true,"href":"https:\/\/pasaenmendoza.com\/index.php?rest_route=\/wp\/v2\/users\/2"}],"replies":[{"embeddable":true,"href":"https:\/\/pasaenmendoza.com\/index.php?rest_route=%2Fwp%2Fv2%2Fcomments&post=4884"}],"version-history":[{"count":1,"href":"https:\/\/pasaenmendoza.com\/index.php?rest_route=\/wp\/v2\/posts\/4884\/revisions"}],"predecessor-version":[{"id":4888,"href":"https:\/\/pasaenmendoza.com\/index.php?rest_route=\/wp\/v2\/posts\/4884\/revisions\/4888"}],"wp:featuredmedia":[{"embeddable":true,"href":"https:\/\/pasaenmendoza.com\/index.php?rest_route=\/wp\/v2\/media\/4887"}],"wp:attachment":[{"href":"https:\/\/pasaenmendoza.com\/index.php?rest_route=%2Fwp%2Fv2%2Fmedia&parent=4884"}],"wp:term":[{"taxonomy":"category","embeddable":true,"href":"https:\/\/pasaenmendoza.com\/index.php?rest_route=%2Fwp%2Fv2%2Fcategories&post=4884"},{"taxonomy":"post_tag","embeddable":true,"href":"https:\/\/pasaenmendoza.com\/index.php?rest_route=%2Fwp%2Fv2%2Ftags&post=4884"}],"curies":[{"name":"wp","href":"https:\/\/api.w.org\/{rel}","templated":true}]}}