{"id":4889,"date":"2024-01-26T13:51:09","date_gmt":"2024-01-26T12:51:09","guid":{"rendered":"https:\/\/pasaenmendoza.com\/?p=4889"},"modified":"2024-01-26T13:51:11","modified_gmt":"2024-01-26T12:51:11","slug":"petri-llega-a-mendoza-para-reconocer-a-soldados-que-subieron-al-aconcagua-y-hacer-un-viaje-en-mula","status":"publish","type":"post","link":"https:\/\/pasaenmendoza.com\/?p=4889","title":{"rendered":"Petri llega a Mendoza para reconocer a soldados que subieron al Aconcagua y hacer un viaje en mula"},"content":{"rendered":"\n<p>El ministro de Defensa de la Naci\u00f3n evocar\u00e1 el trayecto que recorri\u00f3 el General Las Heras durante la lucha por la independencia. Tambi\u00e9n se reunir\u00e1 con miembros del Ej\u00e9rcito para felicitarlos por su labor<\/p>\n\n\n\n<p>El ministro de Defensa,\u00a0<strong>Luis Petri<\/strong>, program\u00f3 para este viernes una\u00a0<strong>visita a Mendoza<\/strong>, su tierra natal, para reconocer a miembros del Ej\u00e9rcito que participaron de la\u00a0<strong>Operaci\u00f3n Aconcagua 2024<\/strong>. Adem\u00e1s, el s\u00e1bado har\u00e1 una &#8220;<strong>expedici\u00f3n&#8221; en mula<\/strong>\u00a0para evocar el recorrido que hizo el General\u00a0<strong>Juan Gregorio de Las Heras<\/strong>\u00a0durante la lucha por la\u00a0<strong>independencia de la Argentina.<\/strong><\/p>\n\n\n\n<p>Tras asistir al acto conmemorativo por el D\u00eda Internacional en Memoria de las V\u00edctimas del Holocausto,&nbsp;<strong>el \u00fanico ministro mendocino de la era Javier Milei<\/strong>&nbsp;viajar\u00e1 hasta la provincia para encabezar una ceremonia protocolar a partir de las 16 en el Polideportivo Cuartel Parque (Boulogne Sur 1600).<\/p>\n\n\n\n<p>Los homenajeados ser\u00e1n miembros de la\u00a0<strong>Brigada de Monta\u00f1a<\/strong>\u00a0que, con el apoyo de gu\u00edas de la\u00a0<strong>Compa\u00f1\u00eda de Cazadores de Monta\u00f1a 8<\/strong>, hicieron cumbre en el cerro Aconcagua a 6961 metros de altura.<\/p>\n\n\n\n<h2 class=\"wp-block-heading\">Operaci\u00f3n Aconcagua 2024<\/h2>\n\n\n\n<p>El 10 de enero, los miembros del&nbsp;<strong>Agrupamiento Bravo<\/strong>, compuesto por personal de la V Brigada, llegaron a&nbsp;<strong>Confluencia<\/strong>&nbsp;para iniciar la marcha hacia Plaza de Mulas. Al d\u00eda siguiente, lo hicieron los miembros de la VIII Brigada de Monta\u00f1a, del&nbsp;<strong>Agrupamiento Alfa<\/strong>.<\/p>\n\n\n\n<p>Seg\u00fan inform\u00f3 el Ej\u00e9rcito Argentino, el Agrupamiento Bravo, con el apoyo de gu\u00edas de la Compa\u00f1\u00eda de Cazadores de Monta\u00f1a 8,&nbsp;<strong>hizo cumbre en el cerro Aconcagua el mi\u00e9rcoles<\/strong>.<\/p>\n\n\n\n<p>En el descenso, junto a la patrulla de rescate de la Compa\u00f1\u00eda de Cazadores de Monta\u00f1a 8,<strong>\u00a0auxiliaron a un turista b\u00falgaro<\/strong>\u00a0que present\u00f3 agotamiento f\u00edsico extremo con imposibilidad de movilizarse en la zona de Canaletas.<\/p>\n\n\n\n<p>Tras llegar al punto de rescate, se realiz\u00f3 el traslado del andinista hasta el Refugio Policial Nido de C\u00f3ndores y se le efectu\u00f3 un examen f\u00edsico, para luego\u00a0<strong>derivarlo al hospital local, ya fuera de peligro<\/strong>, dijeron fuentes del Ej\u00e9rcito.<\/p>\n\n\n\n<h2 class=\"wp-block-heading\">La agenda se completa el s\u00e1bado<\/h2>\n\n\n\n<p>Luis Petri program\u00f3 tambi\u00e9n para el d\u00eda siguiente otra actividad en Mendoza.<\/p>\n\n\n\n<p>A partir de las 9.30\u00a0<strong>har\u00e1 en mula el trayecto Penitentes a Puente de Inca\u00a0<\/strong>junto a los soldados, en lo que promete ser otra de las postales de su gesti\u00f3n.<\/p>\n\n\n\n<p>FUENTE: Diariouno.com.ar <\/p>\n","protected":false},"excerpt":{"rendered":"<p>El ministro de Defensa de la Naci\u00f3n evocar\u00e1 el trayecto que recorri\u00f3 el General Las Heras durante la lucha por la independencia. Tambi\u00e9n se reunir\u00e1 con miembros del Ej\u00e9rcito para felicitarlos por su labor El ministro de Defensa,\u00a0Luis Petri, program\u00f3 para este viernes una\u00a0visita a Mendoza, su tierra natal, para reconocer a miembros del Ej\u00e9rcito [&hellip;]<\/p>\n","protected":false},"author":2,"featured_media":4893,"comment_status":"open","ping_status":"open","sticky":true,"template":"","format":"standard","meta":[],"categories":[47],"tags":[],"_links":{"self":[{"href":"https:\/\/pasaenmendoza.com\/index.php?rest_route=\/wp\/v2\/posts\/4889"}],"collection":[{"href":"https:\/\/pasaenmendoza.com\/index.php?rest_route=\/wp\/v2\/posts"}],"about":[{"href":"https:\/\/pasaenmendoza.com\/index.php?rest_route=\/wp\/v2\/types\/post"}],"author":[{"embeddable":true,"href":"https:\/\/pasaenmendoza.com\/index.php?rest_route=\/wp\/v2\/users\/2"}],"replies":[{"embeddable":true,"href":"https:\/\/pasaenmendoza.com\/index.php?rest_route=%2Fwp%2Fv2%2Fcomments&post=4889"}],"version-history":[{"count":1,"href":"https:\/\/pasaenmendoza.com\/index.php?rest_route=\/wp\/v2\/posts\/4889\/revisions"}],"predecessor-version":[{"id":4894,"href":"https:\/\/pasaenmendoza.com\/index.php?rest_route=\/wp\/v2\/posts\/4889\/revisions\/4894"}],"wp:featuredmedia":[{"embeddable":true,"href":"https:\/\/pasaenmendoza.com\/index.php?rest_route=\/wp\/v2\/media\/4893"}],"wp:attachment":[{"href":"https:\/\/pasaenmendoza.com\/index.php?rest_route=%2Fwp%2Fv2%2Fmedia&parent=4889"}],"wp:term":[{"taxonomy":"category","embeddable":true,"href":"https:\/\/pasaenmendoza.com\/index.php?rest_route=%2Fwp%2Fv2%2Fcategories&post=4889"},{"taxonomy":"post_tag","embeddable":true,"href":"https:\/\/pasaenmendoza.com\/index.php?rest_route=%2Fwp%2Fv2%2Ftags&post=4889"}],"curies":[{"name":"wp","href":"https:\/\/api.w.org\/{rel}","templated":true}]}}