{"id":4890,"date":"2024-01-26T13:52:35","date_gmt":"2024-01-26T12:52:35","guid":{"rendered":"https:\/\/pasaenmendoza.com\/?p=4890"},"modified":"2024-01-26T13:52:36","modified_gmt":"2024-01-26T12:52:36","slug":"un-empleado-de-una-empresa-de-rafting-murio-ahogado-en-el-rio-mendoza","status":"publish","type":"post","link":"https:\/\/pasaenmendoza.com\/?p=4890","title":{"rendered":"Un empleado de una empresa de rafting muri\u00f3 ahogado en el r\u00edo Mendoza"},"content":{"rendered":"\n<p>Un empleado de una empresa de rafting muri\u00f3 ahogado la tarde de este jueves en el<strong>&nbsp;r\u00edo Mendoza<\/strong>, en&nbsp;<strong>Luj\u00e1n de Cuyo<\/strong>. La v\u00edctima ten\u00eda 19 a\u00f1os. Polic\u00edas y bomberos trabajaban en la zona para retirar el cad\u00e1ver del interior del cauce.<\/p>\n\n\n\n<p>El tr\u00e1gico episodio se registr\u00f3 pasadas las 19, cuando el muchacho se encontraba trabajando en ese afluente y, por motivos que se tratan de establecer,&nbsp;<mark>cay\u00f3 al agua y fue arrastrado por la corriente<\/mark>, lo que provoc\u00f3 su deceso.<\/p>\n\n\n\n<p>Momentos despu\u00e9s, su cuerpo pas\u00f3 flotando por el&nbsp;<strong>Puente Colgante de<\/strong>&nbsp;<strong>Cacheuta<\/strong>, por lo que se inici\u00f3 un importante operativo para sacarlo del r\u00edo.<\/p>\n\n\n\n<p>Hasta la zona se desplazaron varias movilidades policiales y bomberos del\u00a0<strong>Cuartel Central<\/strong>, que\u00a0<mark>montaron un dispositivo en la zona conocida como \u201c<strong>la bajada del Payaso<\/strong>\u201c, donde esperaban poder interceptar el cad\u00e1ver<\/mark>.<\/p>\n\n\n\n<p>Este jueves el\u00a0<strong>Departamento General de Irrigaci\u00f3n<\/strong>\u00a0abri\u00f3 las compuertas del Dique Potrerillos, por lo que el Gobierno alert\u00f3 previamente que el caudal del r\u00edo Mendoza iba a verse incrementado.<\/p>\n\n\n\n<p>Por eso, tambi\u00e9n\u00a0<mark>solicitaron a la ciudadan\u00eda tener m\u00e1xima precauci\u00f3n y no realizar actividades en las riberas del cauce<\/mark>.<\/p>\n\n\n\n<p><strong>Fuente: www.elsol.com.ar<\/strong><\/p>\n","protected":false},"excerpt":{"rendered":"<p>Un empleado de una empresa de rafting muri\u00f3 ahogado la tarde de este jueves en el&nbsp;r\u00edo Mendoza, en&nbsp;Luj\u00e1n de Cuyo. La v\u00edctima ten\u00eda 19 a\u00f1os. Polic\u00edas y bomberos trabajaban en la zona para retirar el cad\u00e1ver del interior del cauce. El tr\u00e1gico episodio se registr\u00f3 pasadas las 19, cuando el muchacho se encontraba trabajando en [&hellip;]<\/p>\n","protected":false},"author":2,"featured_media":4891,"comment_status":"open","ping_status":"open","sticky":false,"template":"","format":"standard","meta":[],"categories":[48],"tags":[],"_links":{"self":[{"href":"https:\/\/pasaenmendoza.com\/index.php?rest_route=\/wp\/v2\/posts\/4890"}],"collection":[{"href":"https:\/\/pasaenmendoza.com\/index.php?rest_route=\/wp\/v2\/posts"}],"about":[{"href":"https:\/\/pasaenmendoza.com\/index.php?rest_route=\/wp\/v2\/types\/post"}],"author":[{"embeddable":true,"href":"https:\/\/pasaenmendoza.com\/index.php?rest_route=\/wp\/v2\/users\/2"}],"replies":[{"embeddable":true,"href":"https:\/\/pasaenmendoza.com\/index.php?rest_route=%2Fwp%2Fv2%2Fcomments&post=4890"}],"version-history":[{"count":1,"href":"https:\/\/pasaenmendoza.com\/index.php?rest_route=\/wp\/v2\/posts\/4890\/revisions"}],"predecessor-version":[{"id":4895,"href":"https:\/\/pasaenmendoza.com\/index.php?rest_route=\/wp\/v2\/posts\/4890\/revisions\/4895"}],"wp:featuredmedia":[{"embeddable":true,"href":"https:\/\/pasaenmendoza.com\/index.php?rest_route=\/wp\/v2\/media\/4891"}],"wp:attachment":[{"href":"https:\/\/pasaenmendoza.com\/index.php?rest_route=%2Fwp%2Fv2%2Fmedia&parent=4890"}],"wp:term":[{"taxonomy":"category","embeddable":true,"href":"https:\/\/pasaenmendoza.com\/index.php?rest_route=%2Fwp%2Fv2%2Fcategories&post=4890"},{"taxonomy":"post_tag","embeddable":true,"href":"https:\/\/pasaenmendoza.com\/index.php?rest_route=%2Fwp%2Fv2%2Ftags&post=4890"}],"curies":[{"name":"wp","href":"https:\/\/api.w.org\/{rel}","templated":true}]}}