{"id":4904,"date":"2024-01-26T14:38:00","date_gmt":"2024-01-26T13:38:00","guid":{"rendered":"https:\/\/pasaenmendoza.com\/?p=4904"},"modified":"2024-01-26T14:38:01","modified_gmt":"2024-01-26T13:38:01","slug":"alfredo-cornejo-adelanto-paritarias-sute-y-ate-las-inauguran-el-lunes-29-de-enero","status":"publish","type":"post","link":"https:\/\/pasaenmendoza.com\/?p=4904","title":{"rendered":"Alfredo Cornejo adelant\u00f3 paritarias: SUTE y ATE las inauguran el lunes 29 de enero"},"content":{"rendered":"\n<p>El Gobierno provincial convoc\u00f3 a\u00a0<strong>paritarias\u00a0<\/strong>a partir del lunes 29 de enero. Los representantes de los gremios de la Educaci\u00f3n y de los Trabajadores del Estado ser\u00e1n los primeros en sentarse a negociar los aumentos de sueldo.<\/p>\n\n\n\n<p>Alfredo Cornejo resolvi\u00f3 adelantar las paritarias, que&nbsp;<strong>en un primer momento estaban previstas para abril,<\/strong>&nbsp;debido a la &#8220;dif\u00edcil situaci\u00f3n econ\u00f3mica que vive el pa\u00eds y con un alto \u00edndice inflacionario de 25,5% en enero 2024&#8221;.<\/p>\n\n\n\n<p>Es que con los gremios se hab\u00eda pactado a fines del 2023 que si la inflaci\u00f3n superaba el 12%, como finalmente pas\u00f3, se adelantar\u00edan las negociaciones.<\/p>\n\n\n\n<h2 class=\"wp-block-heading\">Cronograma de paritarias en Mendoza<\/h2>\n\n\n\n<p>Las reanudaciones comenzar\u00e1n el lunes con los representantes gremiales del&nbsp;<strong>Sindicato Unido de Trabajadores de la Educaci\u00f3n (SUTE) y la Asociaci\u00f3n de Trabajadores del Estado (ATE)<\/strong>; y continuar\u00e1n en los pr\u00f3ximos d\u00edas con el resto de los gremios que nuclean a los agentes de la Administraci\u00f3n P\u00fablica, seg\u00fan un cronograma a confirmar por parte del Gobierno provincial.<\/p>\n\n\n\n<h2 class=\"wp-block-heading\">Oferta salarial atada a la recaudaci\u00f3n<\/h2>\n\n\n\n<p>El gobernador Alfredo Cornejo ya hab\u00eda advertido hace diez d\u00edas que&nbsp;<strong>la oferta salarial que se haga en estas paritarias se ver\u00e1 ajustada a la recaudaci\u00f3n<\/strong>&nbsp;de la Provincia.<\/p>\n\n\n\n<p>Tambi\u00e9n el ministro de Hacienda, V\u00edctor Fayad, anticip\u00f3 que las paritarias ser\u00e1n complejas porque &#8220;<strong>nadie puede ofrecer lo que no tiene porque ya sabemos c\u00f3mo termina eso\u201d.<\/strong><\/p>\n\n\n\n<p>Y explic\u00f3: &#8220;As\u00ed como los sueldos se han visto desfasados por el incremento del 25,3% de la inflaci\u00f3n en un mes en Mendoza, tambi\u00e9n la recaudaci\u00f3n fue afectada por la ca\u00edda en el pago de impuestos, tanto provincial como la de los impuestos coparticipables a nivel nacional, como Ganancias&#8221;.<\/p>\n\n\n\n<p>No descart\u00f3 que la din\u00e1mica pueda consistir en negociar mayor cantidad de veces en el a\u00f1o, pero<strong>&nbsp;a la mesa de esas negociaciones no solo<\/strong>&nbsp;<strong>van a llevar los n\u00fameros del IPC sino tambi\u00e9n los de la variabilidad de la recaudaci\u00f3n.<\/strong><\/p>\n\n\n\n<h2 class=\"wp-block-heading\">El pedido de los gremios<\/h2>\n\n\n\n<p>Antes de conocer la fecha de inicio de las negociaciones, los gremios ya anunciaron algunos de sus pedidos. Los sindicatos estatales reclaman<strong>&nbsp;un bono de entre $50.000 y $70.000<\/strong>&nbsp;para compensar enero y&nbsp;<strong>aumentos que al menos equiparen la inflaci\u00f3n.<\/strong><\/p>\n\n\n\n<p>Es que en las paritarias anteriores, el Gobierno firm\u00f3 un incremento del 5,8% para este mes, n\u00famero que est\u00e1 lejos de lo que marc\u00f3 la inflaci\u00f3n de diciembre (conocida el 11 de enero), que fue del 25,5%.<\/p>\n\n\n\n<p><strong>&#8220;Esperamos que el Gobierno est\u00e9 actualizando los datos para llevar una oferta que implique que los trabajadores no sigan perdiendo<\/strong>. Entendiendo tambi\u00e9n que\u00a0<strong>el piso de enero ser\u00e1 de m\u00e1s del 25% y febrero podr\u00eda rondar ese porcentaje&#8221;, adelant\u00f3 Gustavo Correa, secretario gremial del SUTE.<\/strong><\/p>\n\n\n\n<p><strong>Fuente: www.diariouno.com.ar<\/strong><\/p>\n","protected":false},"excerpt":{"rendered":"<p>El Gobierno provincial convoc\u00f3 a\u00a0paritarias\u00a0a partir del lunes 29 de enero. Los representantes de los gremios de la Educaci\u00f3n y de los Trabajadores del Estado ser\u00e1n los primeros en sentarse a negociar los aumentos de sueldo. Alfredo Cornejo resolvi\u00f3 adelantar las paritarias, que&nbsp;en un primer momento estaban previstas para abril,&nbsp;debido a la &#8220;dif\u00edcil situaci\u00f3n econ\u00f3mica [&hellip;]<\/p>\n","protected":false},"author":2,"featured_media":4905,"comment_status":"open","ping_status":"open","sticky":false,"template":"","format":"standard","meta":[],"categories":[55],"tags":[],"_links":{"self":[{"href":"https:\/\/pasaenmendoza.com\/index.php?rest_route=\/wp\/v2\/posts\/4904"}],"collection":[{"href":"https:\/\/pasaenmendoza.com\/index.php?rest_route=\/wp\/v2\/posts"}],"about":[{"href":"https:\/\/pasaenmendoza.com\/index.php?rest_route=\/wp\/v2\/types\/post"}],"author":[{"embeddable":true,"href":"https:\/\/pasaenmendoza.com\/index.php?rest_route=\/wp\/v2\/users\/2"}],"replies":[{"embeddable":true,"href":"https:\/\/pasaenmendoza.com\/index.php?rest_route=%2Fwp%2Fv2%2Fcomments&post=4904"}],"version-history":[{"count":1,"href":"https:\/\/pasaenmendoza.com\/index.php?rest_route=\/wp\/v2\/posts\/4904\/revisions"}],"predecessor-version":[{"id":4906,"href":"https:\/\/pasaenmendoza.com\/index.php?rest_route=\/wp\/v2\/posts\/4904\/revisions\/4906"}],"wp:featuredmedia":[{"embeddable":true,"href":"https:\/\/pasaenmendoza.com\/index.php?rest_route=\/wp\/v2\/media\/4905"}],"wp:attachment":[{"href":"https:\/\/pasaenmendoza.com\/index.php?rest_route=%2Fwp%2Fv2%2Fmedia&parent=4904"}],"wp:term":[{"taxonomy":"category","embeddable":true,"href":"https:\/\/pasaenmendoza.com\/index.php?rest_route=%2Fwp%2Fv2%2Fcategories&post=4904"},{"taxonomy":"post_tag","embeddable":true,"href":"https:\/\/pasaenmendoza.com\/index.php?rest_route=%2Fwp%2Fv2%2Ftags&post=4904"}],"curies":[{"name":"wp","href":"https:\/\/api.w.org\/{rel}","templated":true}]}}