{"id":4907,"date":"2024-01-26T14:44:02","date_gmt":"2024-01-26T13:44:02","guid":{"rendered":"https:\/\/pasaenmendoza.com\/?p=4907"},"modified":"2024-01-26T14:44:55","modified_gmt":"2024-01-26T13:44:55","slug":"fayad-aumento-las-tasas-de-interes-para-los-que-no-paguen-impuestos-provinciales-creditos-y-multasvamos-a-ser-muy-rigurosos-con-los-que-no-paguen-habia-advertido-el-ministro-de-hacienda-en-medi","status":"publish","type":"post","link":"https:\/\/pasaenmendoza.com\/?p=4907","title":{"rendered":"Fayad aument\u00f3 las tasas de inter\u00e9s para los que no paguen impuestos provinciales, cr\u00e9ditos y multas"},"content":{"rendered":"\n<p>&#8220;Vamos a ser muy rigurosos con los que no paguen&#8221;, dec\u00eda el ministro\u00a0<strong>V\u00edctor Fayad\u00a0<\/strong>hace poco m\u00e1s de un mes en S\u00e9ptimo D\u00eda. Y cumpli\u00f3. Este jueves se conocieron los\u00a0<strong>nuevos valores de las tasas de inter\u00e9s por mora<\/strong>\u00a0para los impuestos provinciales, entre ellos el Inmobiliario y el Automotor. Los mismos, que\u00a0<strong>representan casi el doble<\/strong>\u00a0del establecido desde septiembre pasado,\u00a0<strong>rigen a partir del 1 de febrero<\/strong>.<\/p>\n\n\n\n<p>Mediante la resoluci\u00f3n N\u00ba 6 publicada en el Bolet\u00edn Oficial, el ministro de Hacienda y Finanzas&nbsp;<strong>aument\u00f3 fuertemente los intereses para las deudas tributarias, de cr\u00e9ditos y de multas<\/strong>.<\/p>\n\n\n\n<p>Seg\u00fan los argumentos de la norma, la actualizaci\u00f3n se debe a la\u00a0<strong>aceleraci\u00f3n de la inflaci\u00f3n<\/strong>\u00a0en los \u00faltimos meses del a\u00f1o pasado.<\/p>\n\n\n\n<h2 class=\"wp-block-heading\">Los nuevos valores de inter\u00e9s para los que deban impuestos en Mendoza<\/h2>\n\n\n\n<p>El ministro Fayad resolvi\u00f3 fijar en 12,86% mensual, de aplicaci\u00f3n quincenal, la&nbsp;<strong>tasa de inter\u00e9s resarcitorio aplicable a las deudas tributarias.&nbsp;<\/strong>La tasa anterior, fijada desde septiembre de 2023,&nbsp;<strong>era del 7,07% mensual.<\/strong><\/p>\n\n\n\n<p>Fij\u00f3 adem\u00e1s en 15,43% mensual, tambi\u00e9n de aplicaci\u00f3n quincenal, la&nbsp;<strong>tasa de inter\u00e9s punitorio relativa a los cr\u00e9ditos y multas ejecutariadas, que estaba en 8,49% mensual<\/strong>.<\/p>\n\n\n\n<p>Adem\u00e1s, el ministro facult\u00f3 a la Administraci\u00f3n Tributaria Mendoza a establecer\u00a0<strong>tasas de inter\u00e9s de financiaci\u00f3n de hasta el 10% mensual para los Planes de Facilidades de Pago<\/strong>\u00a0otorgados por esa repartici\u00f3n.<\/p>\n\n\n\n<p>En tanto que, advierte la resoluci\u00f3n: &#8220;Para la cancelaci\u00f3n de las obligaciones cuyo vencimiento hubiera operado antes de la fecha de entrada en vigencia de la presente medida, se deber\u00e1n aplicar las tasas de inter\u00e9s vigentes durante cada uno de los per\u00edodos que estos alcancen&#8221;. La fecha en cuesti\u00f3n es el 1 de febrero de 2024, seg\u00fan la propia normativa.<\/p>\n\n\n\n<h2 class=\"wp-block-heading\">La advertencia de Fayad para los que no paguen<\/h2>\n\n\n\n<p>Ante una&nbsp;<strong>previsible ca\u00edda de la recaudaci\u00f3n impositiva por la recesi\u00f3n econ\u00f3mica<\/strong>, Fayad auguraba a mediados de diciembre la posible ca\u00edda del pago de los impuestos patrimoniales, como el Inmobiliario y el Automotor, que son los que recauda la provincia y que en gran medida tambi\u00e9n&nbsp;<strong>se coparticipan a las comunas<\/strong>. Y eso lo preocupaba.<\/p>\n\n\n\n<p>Para evitar esa mora, ya en ese momento<strong>\u00a0adelant\u00f3 que ser\u00edan &#8220;muy rigurosos con los morosos&#8221;<\/strong>.<\/p>\n\n\n\n<p>&#8220;El gran desaf\u00edo es mantener muy bajos los niveles de mora y para eso vamos a ser muy rigurosos con los contribuyentes que no paguen los impuestos&#8221;, insisti\u00f3.<\/p>\n\n\n\n<p>Por si hiciera falta darle m\u00e1s contundencia a su advertencia, remarc\u00f3 que la tasa por mora estar\u00e1 por encima de la inflaci\u00f3n &#8220;porque&nbsp;<strong>no puede ser negocio no pagar los impuestos<\/strong>&#8220;.<\/p>\n\n\n\n<h2 class=\"wp-block-heading\">Los argumentos del Gobierno para subir las tasas de inter\u00e9s<\/h2>\n\n\n\n<p>En la propia resoluci\u00f3n, el ministro refiere que son los propios art\u00edculos 60 y 133 del C\u00f3digo Fiscal de la Provincia de Mendoza los que facultan al&nbsp;<strong>Ministerio de Hacienda y Finanzas<\/strong>&nbsp;a fijar las tasas mensuales de inter\u00e9s resarcitorio y punitorio.<\/p>\n\n\n\n<p>Que el 60, por ejemplo, dispone que la tasa mensual de inter\u00e9s resarcitorio, aplicable a las deudas tributarias, sea fijada con base en el\u00a0<strong>\u00edndice de Precios al Consumidor informado por el Instituto Nacional de Estad\u00edsticas y Censos (INDEC)<\/strong>, no pudiendo exceder la misma en 1,5 veces la tasa activa promedio que perciba el Banco de la Naci\u00f3n Argentina por sus operaciones.<\/p>\n\n\n\n<p>Y que el 133, en tanto, Fiscal establece que la tasa de inter\u00e9s punitorio relativa a los cr\u00e9ditos y multas ejecutariadas no podr\u00e1 ser inferior a la tasa de inter\u00e9s resarcitorio, ni mayor en un 100% de la misma.<\/p>\n\n\n\n<p>El a\u00f1o pasado se fijaron los valores de las tasas de inter\u00e9s resarcitorio y punitorio para que tengan vigencia desde el 1 de septiembre del 2023, pero desde entonces, la tasa de inflaci\u00f3n mensual registr\u00f3 una fuerte aceleraci\u00f3n. Es por ello que\u00a0<strong>el Gobierno consider\u00f3 &#8220;conveniente actualizar los valores tomando como base para el c\u00e1lculo la inflaci\u00f3n observada en el segundo semestre 2023&#8221;.<\/strong><\/p>\n\n\n\n<p><strong>Fuente: www.diariouno.com.ar<\/strong><\/p>\n","protected":false},"excerpt":{"rendered":"<p>&#8220;Vamos a ser muy rigurosos con los que no paguen&#8221;, dec\u00eda el ministro\u00a0V\u00edctor Fayad\u00a0hace poco m\u00e1s de un mes en S\u00e9ptimo D\u00eda. Y cumpli\u00f3. Este jueves se conocieron los\u00a0nuevos valores de las tasas de inter\u00e9s por mora\u00a0para los impuestos provinciales, entre ellos el Inmobiliario y el Automotor. Los mismos, que\u00a0representan casi el doble\u00a0del establecido desde [&hellip;]<\/p>\n","protected":false},"author":2,"featured_media":4908,"comment_status":"open","ping_status":"open","sticky":false,"template":"","format":"standard","meta":[],"categories":[79],"tags":[],"_links":{"self":[{"href":"https:\/\/pasaenmendoza.com\/index.php?rest_route=\/wp\/v2\/posts\/4907"}],"collection":[{"href":"https:\/\/pasaenmendoza.com\/index.php?rest_route=\/wp\/v2\/posts"}],"about":[{"href":"https:\/\/pasaenmendoza.com\/index.php?rest_route=\/wp\/v2\/types\/post"}],"author":[{"embeddable":true,"href":"https:\/\/pasaenmendoza.com\/index.php?rest_route=\/wp\/v2\/users\/2"}],"replies":[{"embeddable":true,"href":"https:\/\/pasaenmendoza.com\/index.php?rest_route=%2Fwp%2Fv2%2Fcomments&post=4907"}],"version-history":[{"count":2,"href":"https:\/\/pasaenmendoza.com\/index.php?rest_route=\/wp\/v2\/posts\/4907\/revisions"}],"predecessor-version":[{"id":4910,"href":"https:\/\/pasaenmendoza.com\/index.php?rest_route=\/wp\/v2\/posts\/4907\/revisions\/4910"}],"wp:featuredmedia":[{"embeddable":true,"href":"https:\/\/pasaenmendoza.com\/index.php?rest_route=\/wp\/v2\/media\/4908"}],"wp:attachment":[{"href":"https:\/\/pasaenmendoza.com\/index.php?rest_route=%2Fwp%2Fv2%2Fmedia&parent=4907"}],"wp:term":[{"taxonomy":"category","embeddable":true,"href":"https:\/\/pasaenmendoza.com\/index.php?rest_route=%2Fwp%2Fv2%2Fcategories&post=4907"},{"taxonomy":"post_tag","embeddable":true,"href":"https:\/\/pasaenmendoza.com\/index.php?rest_route=%2Fwp%2Fv2%2Ftags&post=4907"}],"curies":[{"name":"wp","href":"https:\/\/api.w.org\/{rel}","templated":true}]}}