{"id":4911,"date":"2024-01-26T15:01:10","date_gmt":"2024-01-26T14:01:10","guid":{"rendered":"https:\/\/pasaenmendoza.com\/?p=4911"},"modified":"2024-01-26T15:01:11","modified_gmt":"2024-01-26T14:01:11","slug":"inicio-de-clases-cientos-de-docentes-no-estan-aptos-para-trabajar-y-la-dge-busca-alternativas","status":"publish","type":"post","link":"https:\/\/pasaenmendoza.com\/?p=4911","title":{"rendered":"Inicio de clases: cientos de docentes no est\u00e1n aptos para trabajar y la DGE busca alternativas"},"content":{"rendered":"\n<p>Desde hace a\u00f1os, cientos de&nbsp;<strong>docentes de Mendoza<\/strong>&nbsp;tienen dificultades para acceder al certificado de&nbsp;<strong>apto psicof\u00edsico<\/strong>&nbsp;de la&nbsp;<strong>Direcci\u00f3n General de Escuelas (DGE)<\/strong>. Los motivos tienen que ver con los requisitos exigidos y las diferencias de criterio de las Aseguradoras de Riesgos del Trabajo (ART).<\/p>\n\n\n\n<p>Frente a esto, y siendo conscientes de que en un mes arranca el ciclo lectivo 2024,\u00a0<mark>la DGE trabaja a contrarreloj para auditar cada caso y as\u00ed contar con el recurso humano necesario para asegurar el dictado de clases.<\/mark><\/p>\n\n\n\n<p>En el 2023, sin tener respuestas, los educadores presentaron una carta documento a la DGE con el objetivo de recuperar el derecho a trabajar. Pero no qued\u00f3 ah\u00ed, sino que\u00a0<mark>el caso lleg\u00f3 a la Comisi\u00f3n de Derechos y Garant\u00edas,<\/mark>\u00a0que dictamin\u00f3 y logr\u00f3 aprobar en Diputados un\u00a0<mark>pedido de informe al Gobierno escolar\u00a0<\/mark>sobre los procedimientos y criterios utilizados por los profesionales de Salud Laboral.<\/p>\n\n\n\n<h2 class=\"wp-block-heading\" id=\"h-problemas-en-las-cuerdas-vocales\">Problemas en las cuerdas vocales<\/h2>\n\n\n\n<p>Si bien en septiembre&nbsp;<mark>del 2023 el caso tom\u00f3 estado p\u00fablico, cientos de docentes batallan con la situaci\u00f3n desde el 2015, incluso.<\/mark><\/p>\n\n\n\n<p><strong>Anabella<\/strong>&nbsp;tiene 26 a\u00f1os, hace dos a\u00f1os se recibi\u00f3 de&nbsp;<strong>profesora de Historia<\/strong>&nbsp;y s\u00f3lo logr\u00f3 trabajar cuatro meses en un colegio hasta que,&nbsp;<mark>en el 2021, Salud Laboral emiti\u00f3 un certificado de no apto psicof\u00edsico, por problemas en sus cuerdas vocales.<\/mark><\/p>\n\n\n\n<figure class=\"wp-block-image\"><img decoding=\"async\" src=\"https:\/\/i0.wp.com\/newspack-elsol.s3.amazonaws.com\/wp-content\/uploads\/2024\/01\/reclamo_page-0002-716x1024.jpg?resize=716%2C1024&amp;ssl=1\" alt=\"\" class=\"wp-image-1916242\"\/><figcaption class=\"wp-element-caption\">Los docentes que no obtuvieron el apto psicof\u00edsico.<\/figcaption><\/figure>\n\n\n\n<p>Desde entonces,\u00a0<mark>la joven ha estado en tratamiento fonoaudiol\u00f3gico<\/mark>, costeado en forma particular. Cada sesi\u00f3n, que realiza de manera semanal, tiene un costo de $4 mil.<\/p>\n\n\n\n<p><em>\u201cLo lamentable es que la profesional que me asiste, que forma parte del sector privado, no encuentra que tenga ning\u00fan problema como para no trabajar, por lo que ha indicado en un informe que estoy apta para volver a las aulas, sin embargo, desde Salud Laboral, no<\/em>\u201c<em>,<\/em>&nbsp;cont\u00f3 afligida la docente.<\/p>\n\n\n\n<figure class=\"wp-block-image\"><img decoding=\"async\" src=\"https:\/\/i0.wp.com\/newspack-elsol.s3.amazonaws.com\/wp-content\/uploads\/2024\/01\/reclamo_page-0006-717x1024.jpg?resize=717%2C1024&amp;ssl=1\" alt=\"\" class=\"wp-image-1916246\"\/><\/figure>\n\n\n\n<p>Asimismo, narr\u00f3 que&nbsp;<mark>la mayor\u00eda de los maestros que se encuentran en las mismas condiciones son mujeres<\/mark>, por lo que advierten que se trata de un \u201cverdadero caso de discriminaci\u00f3n\u201d. En tanto, otro de los motivos que sobresalen es la malnutrici\u00f3n (sobrepeso).<\/p>\n\n\n\n<p><em>\u201cLa mayor\u00eda de los profesionales nos sometimos a tratamientos, pagamos interconsultas con diferentes profesionales para que analicen el panorama y todos dan cuenta de que estamos en condiciones para cumplir con nuestras funciones, sin embargo, los profesionales de Salud Laboral nos niegan el certificado\u201d,<\/em>\u00a0acot\u00f3.<\/p>\n\n\n\n<figure class=\"wp-block-image\"><img decoding=\"async\" src=\"https:\/\/i0.wp.com\/newspack-elsol.s3.amazonaws.com\/wp-content\/uploads\/2024\/01\/reclamo_page-0009-e1706202869435-1024x878.jpg?resize=780%2C669&amp;ssl=1\" alt=\"\" class=\"wp-image-1916247\"\/><\/figure>\n\n\n\n<h2 class=\"wp-block-heading\" id=\"h-problemas-de-obesidad\">Problemas de obesidad<\/h2>\n\n\n\n<p><strong>Bel\u00e9n<\/strong>&nbsp;es otra de las docentes que no logra trabajar por no lograr el certificado de aptitud de la DGE. La mujer&nbsp;<mark>en el 2018 se realiz\u00f3 en forma voluntaria un bypass g\u00e1strico a ra\u00edz de un no apto por obesidad que le dieron en el 2017.<\/mark>&nbsp;Gracias a la intervenci\u00f3n logr\u00f3 un descenso de 65 kilos, pero a\u00fan hoy sigue sin trabajar.<\/p>\n\n\n\n<p><em>\u201cLa noticia del no apto fue muy brusca en lo personal y profesional. No fue f\u00e1cil asimilar la situaci\u00f3n y lo mismo me ocurri\u00f3 con la operaci\u00f3n que, sin dudas, me afect\u00f3 mucho en lo emocional\u201d,&nbsp;<\/em>cont\u00f3 la mujer y aclar\u00f3 que tanto los estudios como la cirug\u00eda la afront\u00f3 de manera particular, ya que al quedar sin trabajo no cuenta con obra social ni prepaga.<\/p>\n\n\n\n<p>En el 2021, luego de la pandemia de coronavirus, la educadora se present\u00f3 nuevamente en el \u00e1rea de Salud Laboral, para poder lograr su psicof\u00edsico y retomar a las aulas, pero no logr\u00f3 buenos resultados.<\/p>\n\n\n\n<figure class=\"wp-block-image\"><img decoding=\"async\" src=\"https:\/\/i0.wp.com\/newspack-elsol.s3.amazonaws.com\/wp-content\/uploads\/2024\/01\/datos_page-0001-729x1024.jpg?resize=729%2C1024&amp;ssl=1\" alt=\"\" class=\"wp-image-1916238\"\/><\/figure>\n\n\n\n<figure class=\"wp-block-image\"><img decoding=\"async\" src=\"https:\/\/i0.wp.com\/newspack-elsol.s3.amazonaws.com\/wp-content\/uploads\/2024\/01\/datos_page-0003-729x1024.jpg?resize=729%2C1024&amp;ssl=1\" alt=\"\" class=\"wp-image-1916240\"\/><\/figure>\n\n\n\n<p><em>\u201cEsta vez no era por obesidad, sino por problemas con mis cuerdas vocales. Hasta el d\u00eda de hoy he estado visitando otorrinos y fonoaudi\u00f3logos que aseguran que no tengo nada, incluso, uno lleg\u00f3 a decirme que inventaron lo de las cuerdas vocales para no discriminar por lo de la obesidad. Pero lo cierto es que Salud Laboral siguen rechazando los resultados y no puedo trabajar\u201d,&nbsp;<\/em>coment\u00f3.<\/p>\n\n\n\n<figure class=\"wp-block-image\"><img decoding=\"async\" src=\"https:\/\/i0.wp.com\/newspack-elsol.s3.amazonaws.com\/wp-content\/uploads\/2024\/01\/datos_page-0003a-728x1024.jpg?resize=728%2C1024&amp;ssl=1\" alt=\"\" class=\"wp-image-1916241\"\/><\/figure>\n\n\n\n<p>Asimismo, la profesional detall\u00f3:&nbsp;<em>\u201cEl \u00faltimo no apto lo recib\u00ed cuando mi hijo ten\u00eda diez meses de edad. Ni siquiera eso les import\u00f3. Hoy s\u00f3lo pido trabajar porque estoy apta y sana para hacerlo. La situaci\u00f3n econ\u00f3mica en casa es tremenda, ya que mi pareja realiza changas\u201d.<\/em><\/p>\n\n\n\n<h2 class=\"wp-block-heading\" id=\"h-problemas-auditivos\">Problemas auditivos<\/h2>\n\n\n\n<p>Otro de los motivos por los que muchos docentes no logran trabajar es por&nbsp;<strong>problemas auditivos.&nbsp;<\/strong>Una de las damnificadas es&nbsp;<strong>Natalia<\/strong>, que actualmente cuenta con un apto provisorio, pero&nbsp;<mark>estuvo un a\u00f1o sin trabajar porque la rechazaban en Salud Laboral.<\/mark><\/p>\n\n\n\n<p>En noviembre del 2022 la mujer se recibi\u00f3, comenz\u00f3 haciendo algunas suplencias y en abril del 2023 recibi\u00f3 un no apto y la posterior dada de baja.<\/p>\n\n\n\n<p><em>\u201cDesde los 5 a\u00f1os tengo un problema de audici\u00f3n, sin embargo, no es impedimento para ejercer la docencia. As\u00ed lo refieren los informes que me han otorgado los profesionales con los que me control\u00e9\u201d,&nbsp;<\/em>cont\u00f3 Natalia.<\/p>\n\n\n\n<p>Tras el rechazo de Salud Laboral, la docente pregunta cu\u00e1les ser\u00edan los pasos a seguir y all\u00ed asegura que recibi\u00f3 los criterios exigidos por la DGE:<em>&nbsp;\u201cMe recomendaban operarme o equiparme con un aud\u00edfono\u201d.<\/em><\/p>\n\n\n\n<p>Natalia opt\u00f3 por la segunda opci\u00f3n y gracias a la ayuda econ\u00f3mica de su padre, que es jubilado, adquiri\u00f3 un aud\u00edfono cuyo costo fue de 200.000 pesos.<\/p>\n\n\n\n<p><em>\u201cEn junio del 2023 ten\u00eda turno en Salud Laboral y all\u00ed me cuestionaron por haberme comprado el aparato, aseguraron que no era necesario\u201d<\/em>, cont\u00f3.<\/p>\n\n\n\n<p>Pasaron los meses y la mujer segu\u00eda recibiendo el no apto, pese a presentar nuevos estudios e informes.<\/p>\n\n\n\n<p><em>\u201cFinalmente, el 10 de enero de este a\u00f1o, recib\u00ed un apto provisorio por seis meses. Si bien me puso muy contenta, sigo luchando por un apto con preexistencia\u201d,<\/em>&nbsp;cerr\u00f3.<\/p>\n\n\n\n<h2 class=\"wp-block-heading\" id=\"h-la-palabra-de-la-dge\">La palabra de la DGE<\/h2>\n\n\n\n<p>Desde la Direcci\u00f3n General de Escuelas aseguraron que<em>\u00a0\u201cde acuerdo con los registros de diciembre del 2023 son 101 los maestros que alcanzaron no apto\u201d\u00a0<\/em>y agregaron que\u00a0<mark>el n\u00famero es variable y puede haberse modificado.<\/mark><\/p>\n\n\n\n<p>Adem\u00e1s, manifestaron que&nbsp;<em>\u201cse est\u00e1 haciendo un monitoreo exhaustivo para conocer el panorama de cada caso\u201d.<\/em><\/p>\n\n\n\n<p><em><mark>\u201cEl trabajo que se est\u00e1 realizando es a contrarreloj, ya que la idea es contar con el recurso humano para asegurar el inicio de clases, previsto para el pr\u00f3ximo 26 de febrero\u201d,&nbsp;<\/mark><\/em>manifestaron.<\/p>\n\n\n\n<p>De modo que el plan de trabajo que han ideado se divide en tres ejes. Por un lado,\u00a0<mark>los aptos realizados por Osep y que se presentaron desde septiembre a la fecha no ser\u00e1n auditados,<\/mark>\u00a0es decir, no tienen que volver a ser revisados.<\/p>\n\n\n\n<p><mark>Los que se realizaron mediante prestadoras particulares y\/o privadas ser\u00e1n considerados provisorios,<\/mark>&nbsp;en tanto,<mark>&nbsp;los 101 no aptos est\u00e1n siendo auditados de manera rigurosa.<\/mark><\/p>\n\n\n\n<p>Osep es la prestadora asignada para realizar los certificados, por lo que la DGE s\u00f3lo es notificada una vez que la obra social expide los resultados.<\/p>\n\n\n\n<p><strong>Fuente: www.elsol.com.ar<\/strong><\/p>\n","protected":false},"excerpt":{"rendered":"<p>Desde hace a\u00f1os, cientos de&nbsp;docentes de Mendoza&nbsp;tienen dificultades para acceder al certificado de&nbsp;apto psicof\u00edsico&nbsp;de la&nbsp;Direcci\u00f3n General de Escuelas (DGE). Los motivos tienen que ver con los requisitos exigidos y las diferencias de criterio de las Aseguradoras de Riesgos del Trabajo (ART). Frente a esto, y siendo conscientes de que en un mes arranca el ciclo [&hellip;]<\/p>\n","protected":false},"author":2,"featured_media":4912,"comment_status":"open","ping_status":"open","sticky":false,"template":"","format":"standard","meta":[],"categories":[56],"tags":[],"_links":{"self":[{"href":"https:\/\/pasaenmendoza.com\/index.php?rest_route=\/wp\/v2\/posts\/4911"}],"collection":[{"href":"https:\/\/pasaenmendoza.com\/index.php?rest_route=\/wp\/v2\/posts"}],"about":[{"href":"https:\/\/pasaenmendoza.com\/index.php?rest_route=\/wp\/v2\/types\/post"}],"author":[{"embeddable":true,"href":"https:\/\/pasaenmendoza.com\/index.php?rest_route=\/wp\/v2\/users\/2"}],"replies":[{"embeddable":true,"href":"https:\/\/pasaenmendoza.com\/index.php?rest_route=%2Fwp%2Fv2%2Fcomments&post=4911"}],"version-history":[{"count":1,"href":"https:\/\/pasaenmendoza.com\/index.php?rest_route=\/wp\/v2\/posts\/4911\/revisions"}],"predecessor-version":[{"id":4913,"href":"https:\/\/pasaenmendoza.com\/index.php?rest_route=\/wp\/v2\/posts\/4911\/revisions\/4913"}],"wp:featuredmedia":[{"embeddable":true,"href":"https:\/\/pasaenmendoza.com\/index.php?rest_route=\/wp\/v2\/media\/4912"}],"wp:attachment":[{"href":"https:\/\/pasaenmendoza.com\/index.php?rest_route=%2Fwp%2Fv2%2Fmedia&parent=4911"}],"wp:term":[{"taxonomy":"category","embeddable":true,"href":"https:\/\/pasaenmendoza.com\/index.php?rest_route=%2Fwp%2Fv2%2Fcategories&post=4911"},{"taxonomy":"post_tag","embeddable":true,"href":"https:\/\/pasaenmendoza.com\/index.php?rest_route=%2Fwp%2Fv2%2Ftags&post=4911"}],"curies":[{"name":"wp","href":"https:\/\/api.w.org\/{rel}","templated":true}]}}