{"id":4914,"date":"2024-01-29T13:08:51","date_gmt":"2024-01-29T12:08:51","guid":{"rendered":"https:\/\/pasaenmendoza.com\/?p=4914"},"modified":"2024-01-29T13:16:54","modified_gmt":"2024-01-29T12:16:54","slug":"se-terminaron-las-vacaciones-y-la-legislatura-retoma-su-actividad-habra-ley-omnibus-mendocina","status":"publish","type":"post","link":"https:\/\/pasaenmendoza.com\/?p=4914","title":{"rendered":"Se terminaron las vacaciones y la Legislatura retoma su actividad: \u00bfhabr\u00e1 ley \u00f3mnibus mendocina?"},"content":{"rendered":"\n<p>Tras el receso, la Casa de las Leyes vuelve a sesionar esta semana, aunque solamente se podr\u00e1n abordar tem\u00e1ticas que cumplan con la normativa de sesiones extraordinarias.<\/p>\n\n\n\n<p>Tras el receso durante el mes&nbsp;de enero, la&nbsp;<strong>Legislatura&nbsp;<\/strong>provincial retoma su actividad esta&nbsp;semana. Tanto Diputados como Senadores acudir\u00e1n al recinto&nbsp;nuevamente, pero en el marco del per\u00edodo de sesiones extraordinarias. Para la administraci\u00f3n cornejista, la Casa de las Leyes &#8220;funcionar\u00e1&nbsp;como siempre&#8221;, pese a que todas las miradas est\u00e9n sobre el debate de la denominada &#8220;ley \u00f3mnibus&#8221; en el Congreso de la Naci\u00f3n. En&nbsp;Casa de Gobierno reconocen que &#8220;hay proyectos del Ejecutivo que van a esperar unos d\u00edas para presentarlos porque dependen en parte de lo nacional&#8221;. Tambi\u00e9n podr\u00eda replicarse la iniciativa a nivel local.<\/p>\n\n\n\n<p>Ambas C\u00e1maras de la&nbsp;<strong>Legislatura&nbsp;<\/strong>de Mendoza&nbsp;estar\u00e1n habilitadas a tratar (y sancionar, en el caso que se obtengan las mayor\u00edas necesarias), los siguientes expedientes: proyectos de ley y asuntos que cuenten con estado parlamentario y los que ingresaron hasta las 24 horas del \u00faltimo 30 de octubre en las mesas de entrada de ambas c\u00e1maras, aun cuando no tuvieran el estado parlamentario.<\/p>\n\n\n\n<p>Tambi\u00e9n aquellos&nbsp;asuntos que ingresen con posterioridad a esa fecha que no sean proyectos de ley (resoluciones, declaraciones, pedidos de informe, etc.). Se suman proyectos de ley ingresados despu\u00e9s de esa fecha enviados por el Poder Ejecutivo, o presentados por alg\u00fan legislado&nbsp;y que el Gobierno solicite formalmente su tratamiento en extraordinarias. El periodo&nbsp;<\/p>\n\n\n\n<p>Existen dos temas clave que cobrar\u00e1n protagonismo durante febrero. Por un lado, ante la ola de delitos del \u00faltimo mes, tanto el PJ como el Partido Dem\u00f3crata pidieron la constituci\u00f3n inmediata de la Bicameral de Seguridad. Por el otro,&nbsp;legisladores peronistas citar\u00e1n al procurador&nbsp;Alejandro Gull\u00e9&nbsp;y a Paula Quiroga, fiscal de la Unidad Fiscal de Robos, Hurtos Agravados y Sustracci\u00f3n Automotores, quien reconoci\u00f3 no solo el incremento de los robos, sino tambi\u00e9n de la violencia en los mismos<\/p>\n\n\n\n<p>El presidente de la C\u00e1mara de Diputados,&nbsp;<strong>Andr\u00e9s&nbsp;Lombardi<\/strong>, consider\u00f3 en di\u00e1logo con este medio que &#8220;hoy no est\u00e1 en la agenda avanzar sobre la Bicameral. De todos modos vamos a escuchar el planteo de la oposici\u00f3n en el transcurso de los pr\u00f3ximos 20 d\u00edas. Hay que definir si preside diputados y senadores. La ley establece que un a\u00f1o preside Diputados y el otro Senadores. El&nbsp;a\u00f1o pasado le tocaba senadores y no se constituy\u00f3&#8221;.<\/p>\n\n\n\n<p>Asimismo, s\u00ed confirm\u00f3 que s\u00ed se debatir\u00e1&nbsp;en la C\u00e1mara la ley de escribanos p\u00fablicos.&nbsp;&#8220;En Diputados vamos a aceptar la modificaci\u00f3n a la ley de escribanos p\u00fablicos que viene del Senado. Esa ley regula la de los ex\u00e1menes de escribanos y termina con un conflicto existente sobre los registros notariales&#8221;.<\/p>\n\n\n\n<p>En tanto que la novela que tiene como protagonista a Janina Ortiz, diputada provincial de La Uni\u00f3n Mendocina, continuar\u00e1&nbsp;en lo que refiere a la posibilidad de que quede suspendida de su banca.&nbsp;<\/p>\n\n\n\n<p>Janina Ortiz&nbsp;perdi\u00f3 sus&nbsp;fueros a fines de 2023 -apenas asumi\u00f3-, luego de que la C\u00e1mara de Diputados aprobara&nbsp;de forma un\u00e1nime los pedidos de&nbsp;desafuero&nbsp;solicitados por dos fiscales que investigan a la exsecretaria de Gobierno de&nbsp;Las Heras&nbsp;por los delitos de fraude a la administraci\u00f3n p\u00fablica y coacciones. De esta manera, la esposa del exintendente lasherino Daniel Orozco ya no cuenta con inmunidad procesal y se abri\u00f3 la puerta para quedar imputada. Fue notificada para presentarse ante la Justicia el 27 de diciembre para su&nbsp;imputaci\u00f3n&nbsp;formal, pero no acudi\u00f3 al Polo Judicial porque no ha hab\u00edan&nbsp;pasado los tres d\u00edas h\u00e1biles correspondientes para apelar. La situaci\u00f3n se dilat\u00f3 por el inicio de la feria judicial, aunque en los pr\u00f3ximos d\u00edas podr\u00eda haber novedades con la reactivaci\u00f3n de los organismos de Justicia. La negativa podr\u00eda ser un argumento para que a nivel pol\u00edtico tenga m\u00e1s presi\u00f3n y hay quienes promueven que sea suspendida.&nbsp;<\/p>\n\n\n\n<p>&#8220;Hay que definir el proceso que se inici\u00f3 el a\u00f1o pasado y que quedo abierto. Hay que convocarla para que ella argumente sobre el proceso de suspensi\u00f3n&#8221;, coment\u00f3&nbsp;<strong>Lombardi<\/strong>, quien aclar\u00f3 que puede abordarse porque &#8220;es un expediente que no es sanci\u00f3n de ley&#8221;.<\/p>\n\n\n\n<h2 class=\"wp-block-heading\">\u00bfLey \u00f3mnibus provincial?<\/h2>\n\n\n\n<p>Se baraja la posibilidad de que el gobernador Alfredo Cornejo siga los pasos del presidente de la Naci\u00f3n, Javier Milei, y env\u00ede un paquete de leyes que tenga con similitudes con la denominada &#8220;ley \u00f3mnibus&#8221;, hoy discutida en el Congreso. El Ejecutivo provincial a\u00fan no define los detalles.&nbsp;Sobre este aspecto, Andr\u00e9s Lombardi sostuvo: &#8220;No s\u00e9 si va a ser un paquete completo o si van a ser iniciativas del Ejecutivo. Es indistinto. Hay cosa que por naturaleza arrancan por DIputados, por ejemplo lo presupuestario. No est\u00e1 definido todav\u00eda&#8221;.<\/p>\n\n\n\n<p>Y aport\u00f3 que &#8220;Mendoza no&nbsp; necesita un proceso de refundaci\u00f3n. No hay obligaci\u00f3n de un paquete de leyes r\u00e1pido. De hecho, Mendoza viene cambiando un mont\u00f3n de cosas en los \u00faltimos 8 a\u00f1os. Por ejemplo con la reformas procesales, educaci\u00f3n, salud, etc.&#8221;.<\/p>\n\n\n\n<p>En ese orden, desliz\u00f3 que en el pr\u00f3ximo tiempo mantendr\u00e1 un encuentro con el mandatario provincial, su equipo y los titulares del bloque oficialista. &#8220;Seguramente nos reuniremos con Alfredo&#8221;, indic\u00f3.<\/p>\n\n\n\n<p>En el Senado tambi\u00e9n habr\u00e1 movimiento. La vicegobernadora y titular del Senado, Hebe Casado, se\u00f1al\u00f3 que &#8220;hay algunas declaraciones de inter\u00e9s, est\u00e1 lo del agente encubierto digital -que vuelve en revisi\u00f3n al Senado- y, tambi\u00e9n, una expropiaci\u00f3n que qued\u00f3 pendiente en diciembre. Este lunes tenemos reuni\u00f3n de labor parlamentaria y veremos si tenemos acuerdo con los bloques para tratarlos&#8221;<\/p>\n\n\n\n<p>Consultada sobre la anunciada intenci\u00f3n de\u00a0modificar\u00a0la Ley de Residencias M\u00e9dicas de la provincia, Casado coment\u00f3 que el borrador &#8220;se est\u00e1 trabajando con el Ejecutivo&#8221; y que &#8220;le faltan algunos detalles antes de ser presentado&#8221;.<\/p>\n\n\n\n<p>FUENTE: MDZonline.<\/p>\n","protected":false},"excerpt":{"rendered":"<p>Tras el receso, la Casa de las Leyes vuelve a sesionar esta semana, aunque solamente se podr\u00e1n abordar tem\u00e1ticas que cumplan con la normativa de sesiones extraordinarias. Tras el receso durante el mes&nbsp;de enero, la&nbsp;Legislatura&nbsp;provincial retoma su actividad esta&nbsp;semana. Tanto Diputados como Senadores acudir\u00e1n al recinto&nbsp;nuevamente, pero en el marco del per\u00edodo de sesiones extraordinarias. [&hellip;]<\/p>\n","protected":false},"author":2,"featured_media":4915,"comment_status":"open","ping_status":"open","sticky":true,"template":"","format":"standard","meta":[],"categories":[47],"tags":[],"_links":{"self":[{"href":"https:\/\/pasaenmendoza.com\/index.php?rest_route=\/wp\/v2\/posts\/4914"}],"collection":[{"href":"https:\/\/pasaenmendoza.com\/index.php?rest_route=\/wp\/v2\/posts"}],"about":[{"href":"https:\/\/pasaenmendoza.com\/index.php?rest_route=\/wp\/v2\/types\/post"}],"author":[{"embeddable":true,"href":"https:\/\/pasaenmendoza.com\/index.php?rest_route=\/wp\/v2\/users\/2"}],"replies":[{"embeddable":true,"href":"https:\/\/pasaenmendoza.com\/index.php?rest_route=%2Fwp%2Fv2%2Fcomments&post=4914"}],"version-history":[{"count":2,"href":"https:\/\/pasaenmendoza.com\/index.php?rest_route=\/wp\/v2\/posts\/4914\/revisions"}],"predecessor-version":[{"id":4920,"href":"https:\/\/pasaenmendoza.com\/index.php?rest_route=\/wp\/v2\/posts\/4914\/revisions\/4920"}],"wp:featuredmedia":[{"embeddable":true,"href":"https:\/\/pasaenmendoza.com\/index.php?rest_route=\/wp\/v2\/media\/4915"}],"wp:attachment":[{"href":"https:\/\/pasaenmendoza.com\/index.php?rest_route=%2Fwp%2Fv2%2Fmedia&parent=4914"}],"wp:term":[{"taxonomy":"category","embeddable":true,"href":"https:\/\/pasaenmendoza.com\/index.php?rest_route=%2Fwp%2Fv2%2Fcategories&post=4914"},{"taxonomy":"post_tag","embeddable":true,"href":"https:\/\/pasaenmendoza.com\/index.php?rest_route=%2Fwp%2Fv2%2Ftags&post=4914"}],"curies":[{"name":"wp","href":"https:\/\/api.w.org\/{rel}","templated":true}]}}