{"id":4917,"date":"2024-01-29T13:15:43","date_gmt":"2024-01-29T12:15:43","guid":{"rendered":"https:\/\/pasaenmendoza.com\/?p=4917"},"modified":"2024-01-29T13:15:45","modified_gmt":"2024-01-29T12:15:45","slug":"boletin-oficial-tres-designaciones-y-una-renuncia-en-el-gobierno-de-mendoza","status":"publish","type":"post","link":"https:\/\/pasaenmendoza.com\/?p=4917","title":{"rendered":"Bolet\u00edn Oficial: tres designaciones y una renuncia en el Gobierno de Mendoza"},"content":{"rendered":"\n<p>La cartera que comanda Jimena Latorre oficializ\u00f3 a tres de sus funcionarios, entre ellos aparece el nombre de Sebasti\u00e1n Melchor como subsecretario de Ambiente.<\/p>\n\n\n\n<p>A trav\u00e9s del decreto 142 del Bolet\u00edn Oficial, el&nbsp;<strong>Ministerio de Ambiente de Energ\u00eda y Ambiente<\/strong>, liderado por<strong>&nbsp;Jimena Latorre<\/strong>, oficializ\u00f3 a tres de sus funcionarios. Uno de ellos es una cara conocida, el dirigente socialista&nbsp;<strong>Sebasti\u00e1n Melchor<\/strong>, que fue designado como&nbsp;<mark>subsecretario de Ambiente<\/mark>.<\/p>\n\n\n\n<p>Melchor es un viejo conocido, ya que forma parte del gobierno desde la primera gesti\u00f3n de&nbsp;<strong>Alfredo Cornejo<\/strong>&nbsp;como mandatario provincial. El flamante responsable del \u00e1rea ambiental se sum\u00f3 en 2018 para hacerse cargo, en ese entonces, de la Direcci\u00f3n de Recursos Naturales Renovables.<\/p>\n\n\n\n<p>Pero Melchor no fue el \u00fanico subsecretario oficializado este lunes. En el decreto aparece la designaci\u00f3n de&nbsp;<strong>Manuel \u00c1ngel S\u00e1nchez<\/strong>&nbsp;como el<mark>&nbsp;principal responsable de la Subsecretar\u00eda de Energ\u00eda<\/mark>. El ingeniero industrial cuenta con una vasta trayectoria en el sector privado, principalmente, ocupando lugares de relevancia durante 10 a\u00f1os en YPF.<\/p>\n\n\n\n<p>La \u00faltima designaci\u00f3n que figura en el Bolet\u00edn es la de\u00a0<strong>Manuel L\u00f3pez Gonz\u00e1lez\u00a0<\/strong>como\u00a0<mark>jefe de Gabinete\u00a0<\/mark>de la cartera que lidera Latorre.<\/p>\n\n\n\n<h2 class=\"wp-block-heading\" id=\"h-el-gabinete-de-energia-y-ambiente\">El gabinete de Energ\u00eda y Ambiente<\/h2>\n\n\n\n<p>A mediados de enero, Latorre dio a conocer p\u00fablicamente el gabinete que la acompa\u00f1ar\u00e1, en un principio, durante toda su gesti\u00f3n como ministra de Energ\u00eda y Ambiente. La cartera ambiental cuenta con una particularidad que casi todos sus funcionarios est\u00e1n debajo de los 40 a\u00f1os.<\/p>\n\n\n\n<p>S\u00e1nchez y Melchor son los \u00fanicos subsecretarios del Ministerio, el resto del organigrama est\u00e1 conformado por ocho direcciones. Las mismas est\u00e1n ocupadas por\u00a0<strong>Marcelo Vieyra\u00a0<\/strong>(Administraci\u00f3n),\u00a0<strong>Nuria Ojeda<\/strong>\u00a0(Transici\u00f3n Energ\u00e9tica),\u00a0<strong>Jer\u00f3nimo Shantal\u00a0<\/strong>(Miner\u00eda),\u00a0<strong>Estanislao Schilardi<\/strong>\u00a0(Hidrocarburo).<\/p>\n\n\n\n<p>Le siguen&nbsp;<strong>Walter M\u00e1s<\/strong>&nbsp;(Servicios El\u00e9ctricos),&nbsp;<strong>Juan Haudet<\/strong>&nbsp;(Biodiversidad y Ecoparque),&nbsp;<strong>Leonardo Fern\u00e1ndez<\/strong>&nbsp;(Portecci\u00f3n Ambiental) y&nbsp;<strong>Yamila Arnosti&nbsp;<\/strong>(Hidr\u00e1ulica).<\/p>\n\n\n\n<h2 class=\"wp-block-heading\" id=\"h-una-baja-en-el-gabinete-de-tadeo-garcia-zalazar\">Una baja en el Gabinete de Tadeo Garc\u00eda Zalazar<\/h2>\n\n\n\n<p>Adem\u00e1s de oficializar funcionarios de la carteta de Ambiente y Energ\u00eda, el Bolet\u00edn Oficial de este lunes public\u00f3 la renuncia de un miembro del Ministerio de Educaci\u00f3n, Cultura, Infancias y DGE de\u00a0<strong>Tadeo Garc\u00eda Zalazar<\/strong>. Se trata de\u00a0<strong>Emma Magdalena Cunietti<\/strong>.<\/p>\n\n\n\n<p><mark>Cunietti renunci\u00f3 a la Coordinaci\u00f3n General de Educaci\u00f3n Superior<\/mark>\u00a0perteneciente a la Direcci\u00f3n General de Escuelas, as\u00ed lo se\u00f1al\u00f3 el decreto 3175. De esta manera, Garc\u00eda Zalazar sufre su primera baja desde que asumi\u00f3 como superministro.<\/p>\n\n\n\n<p>FUENTE: Elson.com.ar <\/p>\n","protected":false},"excerpt":{"rendered":"<p>La cartera que comanda Jimena Latorre oficializ\u00f3 a tres de sus funcionarios, entre ellos aparece el nombre de Sebasti\u00e1n Melchor como subsecretario de Ambiente. A trav\u00e9s del decreto 142 del Bolet\u00edn Oficial, el&nbsp;Ministerio de Ambiente de Energ\u00eda y Ambiente, liderado por&nbsp;Jimena Latorre, oficializ\u00f3 a tres de sus funcionarios. Uno de ellos es una cara conocida, [&hellip;]<\/p>\n","protected":false},"author":2,"featured_media":4918,"comment_status":"open","ping_status":"open","sticky":true,"template":"","format":"standard","meta":[],"categories":[47],"tags":[],"_links":{"self":[{"href":"https:\/\/pasaenmendoza.com\/index.php?rest_route=\/wp\/v2\/posts\/4917"}],"collection":[{"href":"https:\/\/pasaenmendoza.com\/index.php?rest_route=\/wp\/v2\/posts"}],"about":[{"href":"https:\/\/pasaenmendoza.com\/index.php?rest_route=\/wp\/v2\/types\/post"}],"author":[{"embeddable":true,"href":"https:\/\/pasaenmendoza.com\/index.php?rest_route=\/wp\/v2\/users\/2"}],"replies":[{"embeddable":true,"href":"https:\/\/pasaenmendoza.com\/index.php?rest_route=%2Fwp%2Fv2%2Fcomments&post=4917"}],"version-history":[{"count":1,"href":"https:\/\/pasaenmendoza.com\/index.php?rest_route=\/wp\/v2\/posts\/4917\/revisions"}],"predecessor-version":[{"id":4919,"href":"https:\/\/pasaenmendoza.com\/index.php?rest_route=\/wp\/v2\/posts\/4917\/revisions\/4919"}],"wp:featuredmedia":[{"embeddable":true,"href":"https:\/\/pasaenmendoza.com\/index.php?rest_route=\/wp\/v2\/media\/4918"}],"wp:attachment":[{"href":"https:\/\/pasaenmendoza.com\/index.php?rest_route=%2Fwp%2Fv2%2Fmedia&parent=4917"}],"wp:term":[{"taxonomy":"category","embeddable":true,"href":"https:\/\/pasaenmendoza.com\/index.php?rest_route=%2Fwp%2Fv2%2Fcategories&post=4917"},{"taxonomy":"post_tag","embeddable":true,"href":"https:\/\/pasaenmendoza.com\/index.php?rest_route=%2Fwp%2Fv2%2Ftags&post=4917"}],"curies":[{"name":"wp","href":"https:\/\/api.w.org\/{rel}","templated":true}]}}