{"id":4924,"date":"2024-01-29T13:24:04","date_gmt":"2024-01-29T12:24:04","guid":{"rendered":"https:\/\/pasaenmendoza.com\/?p=4924"},"modified":"2024-01-29T13:24:05","modified_gmt":"2024-01-29T12:24:05","slug":"con-sute-y-ate-arrancan-las-paritarias-anticipadas-de-los-estatales-de-mendoza","status":"publish","type":"post","link":"https:\/\/pasaenmendoza.com\/?p=4924","title":{"rendered":"Con SUTE y ATE arrancan las paritarias anticipadas de los estatales de Mendoza"},"content":{"rendered":"\n<p>Por la alta inflaci\u00f3n, el Gobierno llam\u00f3 a paritarias dos meses antes de lo previsto, aunque el gobernador Alfredo Cornejo advirti\u00f3 que las ofertas que se hagan estar\u00e1n relacionadas con la recaudaci\u00f3n<\/p>\n\n\n\n<p>Convocadas dos meses antes de lo acordado el a\u00f1o pasado,\u00a0este lunes comenzar\u00e1n las negociaciones\u00a0<strong>paritarias\u00a0<\/strong>entre los gremios estatales y el Gobierno.\u00a0Los primeros en ser llamados a la mesa de concertaciones han sido el\u00a0<strong>SUTE\u00a0<\/strong>(Sindicato Unido de Trabajadores de la Educaci\u00f3n) y\u00a0<strong>ATE\u00a0<\/strong>(Asociaci\u00f3n Trabajadores del Estado).<\/p>\n\n\n\n<p>La decisi\u00f3n de&nbsp;<strong>anticipar las reuniones<\/strong>&nbsp;fue de&nbsp;<strong>Alfredo Cornejo<\/strong>, tras conocerse los n\u00fameros de la inflaci\u00f3n de diciembre 2023 que indicaron&nbsp;<strong>un aumento del costo de vida superior al 25%<\/strong>.<\/p>\n\n\n\n<p>Sin embargo, el propio mandatario\u00a0<strong>reclam\u00f3 &#8220;sensatez&#8221; a los gremios<\/strong>\u00a0a la hora de pedir incrementos salariales y\u00a0<strong>at\u00f3 a la recaudaci\u00f3n las ofertas que har\u00e1n los paritarios<\/strong>. Lo mismo hizo el ministro de Hacienda y Finanzas,\u00a0<strong>V\u00edctor Fayad<\/strong>, quien vaticin\u00f3 que ser\u00e1 dif\u00edcil consensuar acuerdos.<\/p>\n\n\n\n<h2 class=\"wp-block-heading\">El pedido de los gremios<\/h2>\n\n\n\n<p>Antes de conocer la fecha de inicio de las negociaciones, los gremios ya anunciaron algunos de sus pedidos.<\/p>\n\n\n\n<p>Los sindicatos estatales reclaman<strong>&nbsp;un bono de entre $50.000 y $70.000<\/strong>&nbsp;para compensar enero y&nbsp;<strong>aumentos que al menos equiparen la inflaci\u00f3n.<\/strong><\/p>\n\n\n\n<p>Es que en las paritarias anteriores, el Gobierno firm\u00f3<strong>&nbsp;un incremento del 5,8% para este mes<\/strong>, n\u00famero que est\u00e1 lejos de lo que marc\u00f3 la inflaci\u00f3n de diciembre (conocida el 11 de enero), que fue del&nbsp;<strong>25,5%<\/strong>.<\/p>\n\n\n\n<p><strong>&#8220;Esperamos que el Gobierno est\u00e9 actualizando los datos para llevar una oferta que implique que los trabajadores no sigan perdiendo<\/strong>. Entendiendo tambi\u00e9n que&nbsp;<strong>el piso de enero ser\u00e1 de m\u00e1s del 25% y febrero podr\u00eda rondar ese porcentaje&#8221;,<\/strong>&nbsp;adelant\u00f3&nbsp;<strong>Gustavo Correa<\/strong>, secretario gremial del SUTE y referente de la CTA.<\/p>\n\n\n\n<p><strong>Roberto Macho<\/strong>, secretario general de ATE,\u00a0le reclam\u00f3 por su parte al gobernador Alfredo Cornejo que se resista a las coacciones y carpetazos de Javier Milei<\/p>\n\n\n\n<h2 class=\"wp-block-heading\">Las paritarias previstas para abril se adelantaron<\/h2>\n\n\n\n<p>Desde el Gobierno recordaron que &#8220;debido a la dif\u00edcil situaci\u00f3n econ\u00f3mica que vive el pa\u00eds y con un alto \u00edndice inflacionario de 25,5% en enero 2024, se decidi\u00f3&nbsp;<strong>adelantar m\u00e1s de 60 d\u00edas las paritarias<\/strong>. Las reuniones comenzar\u00e1n el lunes 29 de enero con los representantes gremiales de SUTE y ATE&#8221;.<\/p>\n\n\n\n<p>De todos modos, con los gremios se hab\u00eda pactado a fines del 2023 que&nbsp;<strong>si la inflaci\u00f3n superaba el 12%, como finalmente pas\u00f3, se adelantar\u00edan las negociaciones<\/strong>. Claro, no se pensaba entonces que despu\u00e9s se llegar\u00eda al 25%.<\/p>\n\n\n\n<p>Cornejo, que esta semana realiz\u00f3 una misi\u00f3n oficial en Espa\u00f1a&nbsp;<strong>en busca de potenciar la marca Mendoza<\/strong>&nbsp;-en especial en lo relacionado con el turismo-, ha aclarado ante cuanto micr\u00f3fono se le cruce que&nbsp;<strong>la oferta salarial que se haga en estas paritarias se ver\u00e1 ajustada a la recaudaci\u00f3n<\/strong>&nbsp;de la Provincia.<\/p>\n\n\n\n<p>Tambi\u00e9n el ministro de Hacienda y Finanzas, Fayad, anticip\u00f3 que las paritarias ser\u00e1n complejas porque &#8220;<strong>nadie puede ofrecer lo que no tiene porque ya sabemos c\u00f3mo termina eso\u201d.<\/strong><\/p>\n\n\n\n<p>Y explic\u00f3: &#8220;As\u00ed como los sueldos se han visto desfasados por el incremento del 25,3% de la inflaci\u00f3n en un mes en Mendoza,&nbsp;<strong>tambi\u00e9n la recaudaci\u00f3n fue afectada por la ca\u00edda en el pago de impuestos<\/strong>, tanto provincial como la de los impuestos coparticipables a nivel nacional, como Ganancias&#8221;.<\/p>\n\n\n\n<p>No descart\u00f3 que la din\u00e1mica pueda consistir en negociar mayor cantidad de veces en el a\u00f1o, pero<strong>\u00a0a la mesa de esas negociaciones no s\u00f3lo<\/strong>\u00a0<strong>van a llevar los n\u00fameros del IPC sino tambi\u00e9n los de la variabilidad de la recaudaci\u00f3n.<\/strong><\/p>\n\n\n\n<p>FUENTE: Diariouno.com.ar <\/p>\n","protected":false},"excerpt":{"rendered":"<p>Por la alta inflaci\u00f3n, el Gobierno llam\u00f3 a paritarias dos meses antes de lo previsto, aunque el gobernador Alfredo Cornejo advirti\u00f3 que las ofertas que se hagan estar\u00e1n relacionadas con la recaudaci\u00f3n Convocadas dos meses antes de lo acordado el a\u00f1o pasado,\u00a0este lunes comenzar\u00e1n las negociaciones\u00a0paritarias\u00a0entre los gremios estatales y el Gobierno.\u00a0Los primeros en ser [&hellip;]<\/p>\n","protected":false},"author":2,"featured_media":4925,"comment_status":"open","ping_status":"open","sticky":true,"template":"","format":"standard","meta":[],"categories":[47],"tags":[],"_links":{"self":[{"href":"https:\/\/pasaenmendoza.com\/index.php?rest_route=\/wp\/v2\/posts\/4924"}],"collection":[{"href":"https:\/\/pasaenmendoza.com\/index.php?rest_route=\/wp\/v2\/posts"}],"about":[{"href":"https:\/\/pasaenmendoza.com\/index.php?rest_route=\/wp\/v2\/types\/post"}],"author":[{"embeddable":true,"href":"https:\/\/pasaenmendoza.com\/index.php?rest_route=\/wp\/v2\/users\/2"}],"replies":[{"embeddable":true,"href":"https:\/\/pasaenmendoza.com\/index.php?rest_route=%2Fwp%2Fv2%2Fcomments&post=4924"}],"version-history":[{"count":1,"href":"https:\/\/pasaenmendoza.com\/index.php?rest_route=\/wp\/v2\/posts\/4924\/revisions"}],"predecessor-version":[{"id":4926,"href":"https:\/\/pasaenmendoza.com\/index.php?rest_route=\/wp\/v2\/posts\/4924\/revisions\/4926"}],"wp:featuredmedia":[{"embeddable":true,"href":"https:\/\/pasaenmendoza.com\/index.php?rest_route=\/wp\/v2\/media\/4925"}],"wp:attachment":[{"href":"https:\/\/pasaenmendoza.com\/index.php?rest_route=%2Fwp%2Fv2%2Fmedia&parent=4924"}],"wp:term":[{"taxonomy":"category","embeddable":true,"href":"https:\/\/pasaenmendoza.com\/index.php?rest_route=%2Fwp%2Fv2%2Fcategories&post=4924"},{"taxonomy":"post_tag","embeddable":true,"href":"https:\/\/pasaenmendoza.com\/index.php?rest_route=%2Fwp%2Fv2%2Ftags&post=4924"}],"curies":[{"name":"wp","href":"https:\/\/api.w.org\/{rel}","templated":true}]}}