{"id":4927,"date":"2024-01-29T13:48:42","date_gmt":"2024-01-29T12:48:42","guid":{"rendered":"https:\/\/pasaenmendoza.com\/?p=4927"},"modified":"2024-01-29T13:48:44","modified_gmt":"2024-01-29T12:48:44","slug":"atencion-alerta-roja-en-toda-la-provincia-por-calor-extremo","status":"publish","type":"post","link":"https:\/\/pasaenmendoza.com\/?p=4927","title":{"rendered":"Atenci\u00f3n: alerta roja en toda la provincia por calor extremo"},"content":{"rendered":"\n<p>Toda la provincia de\u00a0<strong>Mendoza<\/strong>, gran parte de Neuqu\u00e9n, R\u00edo Negro, localidades del este de La Pampa y de San Luis, y el sur de Buenos Aires se encuentran bajo\u00a0<strong>alerta roja<\/strong>\u00a0por\u00a0<strong>calor extremo<\/strong>, el m\u00e1ximo nivel dispuesto por el\u00a0Servicio Meteorol\u00f3gico Nacional (SMN), con\u00a0<strong>temperaturas<\/strong>\u00a0m\u00e1ximas que pueden llegar a los 40 grados en Mendoza las pr\u00f3ximas horas.<\/p>\n\n\n\n<p>La alerta de nivel rojo indica que las temperaturas pueden tener un &#8220;efecto alto a extremo&#8221; en la salud y ser &#8220;muy peligrosas&#8221; afectando &#8220;a todas las personas, incluso a las saludables&#8221;, seg\u00fan la descripci\u00f3n del organismo meteorol\u00f3gico.<\/p>\n\n\n\n<p>En tanto, varios distritos de San Juan, R\u00edo Negro y Neuqu\u00e9n, as\u00ed como de la provincia de Buenos Aires (norte de Tres Arroyos, de Necochea, de Coronel Dorrego, entre otras) est\u00e1n bajo nivel naranja por temperaturas extremas, que pueden resultar peligrosas para los grupos de riesgo.<\/p>\n\n\n\n<p>Adem\u00e1s, rige alerta amarilla para gran parte de Buenos Aires, La Pampa, San Luis, C\u00f3rdoba, Santiago del Estero, el sur de Santa Cruz y algunas zonas de Entre R\u00edos.<\/p>\n\n\n\n<p>En este caso, las temperaturas tendr\u00e1n un efecto leve a moderado en la salud pero pueden ser pueden ser peligrosas, sobre todo para los grupos de riesgo, como ni\u00f1os y ni\u00f1as, personas mayores de 65 a\u00f1os, con enfermedades cr\u00f3nicas.<\/p>\n\n\n\n<p>De acuerdo al r\u00e1nking de temperaturas elaborado por el SMN, a las 7 la ciudad m\u00e1s calurosa del pa\u00eds era San Fernando del Valle de Catamarca, con 26,4 grados; seguida por San Juan, con 26 grados; Viedma, con 25,7 grados, y La Rioja, con 25,3.<\/p>\n\n\n\n<p><strong>Fuente: www.mendozapost.com<\/strong><\/p>\n","protected":false},"excerpt":{"rendered":"<p>Toda la provincia de\u00a0Mendoza, gran parte de Neuqu\u00e9n, R\u00edo Negro, localidades del este de La Pampa y de San Luis, y el sur de Buenos Aires se encuentran bajo\u00a0alerta roja\u00a0por\u00a0calor extremo, el m\u00e1ximo nivel dispuesto por el\u00a0Servicio Meteorol\u00f3gico Nacional (SMN), con\u00a0temperaturas\u00a0m\u00e1ximas que pueden llegar a los 40 grados en Mendoza las pr\u00f3ximas horas. La alerta [&hellip;]<\/p>\n","protected":false},"author":2,"featured_media":4928,"comment_status":"open","ping_status":"open","sticky":false,"template":"","format":"standard","meta":[],"categories":[52],"tags":[],"_links":{"self":[{"href":"https:\/\/pasaenmendoza.com\/index.php?rest_route=\/wp\/v2\/posts\/4927"}],"collection":[{"href":"https:\/\/pasaenmendoza.com\/index.php?rest_route=\/wp\/v2\/posts"}],"about":[{"href":"https:\/\/pasaenmendoza.com\/index.php?rest_route=\/wp\/v2\/types\/post"}],"author":[{"embeddable":true,"href":"https:\/\/pasaenmendoza.com\/index.php?rest_route=\/wp\/v2\/users\/2"}],"replies":[{"embeddable":true,"href":"https:\/\/pasaenmendoza.com\/index.php?rest_route=%2Fwp%2Fv2%2Fcomments&post=4927"}],"version-history":[{"count":1,"href":"https:\/\/pasaenmendoza.com\/index.php?rest_route=\/wp\/v2\/posts\/4927\/revisions"}],"predecessor-version":[{"id":4929,"href":"https:\/\/pasaenmendoza.com\/index.php?rest_route=\/wp\/v2\/posts\/4927\/revisions\/4929"}],"wp:featuredmedia":[{"embeddable":true,"href":"https:\/\/pasaenmendoza.com\/index.php?rest_route=\/wp\/v2\/media\/4928"}],"wp:attachment":[{"href":"https:\/\/pasaenmendoza.com\/index.php?rest_route=%2Fwp%2Fv2%2Fmedia&parent=4927"}],"wp:term":[{"taxonomy":"category","embeddable":true,"href":"https:\/\/pasaenmendoza.com\/index.php?rest_route=%2Fwp%2Fv2%2Fcategories&post=4927"},{"taxonomy":"post_tag","embeddable":true,"href":"https:\/\/pasaenmendoza.com\/index.php?rest_route=%2Fwp%2Fv2%2Ftags&post=4927"}],"curies":[{"name":"wp","href":"https:\/\/api.w.org\/{rel}","templated":true}]}}