{"id":4930,"date":"2024-01-29T13:52:53","date_gmt":"2024-01-29T12:52:53","guid":{"rendered":"https:\/\/pasaenmendoza.com\/?p=4930"},"modified":"2024-01-29T13:52:55","modified_gmt":"2024-01-29T12:52:55","slug":"reanudaron-la-busqueda-del-chico-arrastrado-en-el-rio-mendoza","status":"publish","type":"post","link":"https:\/\/pasaenmendoza.com\/?p=4930","title":{"rendered":"Reanudaron la b\u00fasqueda del chico arrastrado en el R\u00edo Mendoza"},"content":{"rendered":"\n<p>Este lunes, con los primeros rayos del sol, se reanudaron las tareas de b\u00fasqueda del chico que fue arrastrado en el R\u00edo Mendoza este domingo por la tarde.<\/p>\n\n\n\n<p>Los trabajos lo ejecutan en el departamento de Luj\u00e1n de Cuyo a la altura de Las Compuertas personal de Bomberos, de la Polic\u00eda de Mendoza y Bomberos Voluntarios\u00a0de Luj\u00e1n, con gomones y Kayak.<\/p>\n\n\n\n<p>Este domingo, un chico de 16 a\u00f1os se ba\u00f1aba en el R\u00edo Mendoza a la altura del Dique Cipolletti y la corriente lo arrastr\u00f3. Fue buscado durante toda la tarde y cuando cay\u00f3 la noche se suspendi\u00f3 la b\u00fasqueda. Por lo tanto, a\u00fan no han encontrado el cuerpo y pr\u00e1cticamente lo dan por muerto.<\/p>\n\n\n\n<p>Varios llamados llegaron al 911 para informar que una persona hab\u00eda ca\u00eddo al r\u00edo en zona de Las Compuertas, despu\u00e9s de pasar el Paso de los Arrieros. Polic\u00edas y bomberos se trasladaron hasta el lugar pasadas las 18 y desplegaron un operativo. Luego se sum\u00f3 el helic\u00f3ptero Policial para buscarlo por aire.<\/p>\n\n\n\n<p><strong>Fuente: www.mendozapost.com<\/strong><\/p>\n","protected":false},"excerpt":{"rendered":"<p>Este lunes, con los primeros rayos del sol, se reanudaron las tareas de b\u00fasqueda del chico que fue arrastrado en el R\u00edo Mendoza este domingo por la tarde. Los trabajos lo ejecutan en el departamento de Luj\u00e1n de Cuyo a la altura de Las Compuertas personal de Bomberos, de la Polic\u00eda de Mendoza y Bomberos [&hellip;]<\/p>\n","protected":false},"author":2,"featured_media":4931,"comment_status":"open","ping_status":"open","sticky":false,"template":"","format":"standard","meta":[],"categories":[48],"tags":[],"_links":{"self":[{"href":"https:\/\/pasaenmendoza.com\/index.php?rest_route=\/wp\/v2\/posts\/4930"}],"collection":[{"href":"https:\/\/pasaenmendoza.com\/index.php?rest_route=\/wp\/v2\/posts"}],"about":[{"href":"https:\/\/pasaenmendoza.com\/index.php?rest_route=\/wp\/v2\/types\/post"}],"author":[{"embeddable":true,"href":"https:\/\/pasaenmendoza.com\/index.php?rest_route=\/wp\/v2\/users\/2"}],"replies":[{"embeddable":true,"href":"https:\/\/pasaenmendoza.com\/index.php?rest_route=%2Fwp%2Fv2%2Fcomments&post=4930"}],"version-history":[{"count":1,"href":"https:\/\/pasaenmendoza.com\/index.php?rest_route=\/wp\/v2\/posts\/4930\/revisions"}],"predecessor-version":[{"id":4932,"href":"https:\/\/pasaenmendoza.com\/index.php?rest_route=\/wp\/v2\/posts\/4930\/revisions\/4932"}],"wp:featuredmedia":[{"embeddable":true,"href":"https:\/\/pasaenmendoza.com\/index.php?rest_route=\/wp\/v2\/media\/4931"}],"wp:attachment":[{"href":"https:\/\/pasaenmendoza.com\/index.php?rest_route=%2Fwp%2Fv2%2Fmedia&parent=4930"}],"wp:term":[{"taxonomy":"category","embeddable":true,"href":"https:\/\/pasaenmendoza.com\/index.php?rest_route=%2Fwp%2Fv2%2Fcategories&post=4930"},{"taxonomy":"post_tag","embeddable":true,"href":"https:\/\/pasaenmendoza.com\/index.php?rest_route=%2Fwp%2Fv2%2Ftags&post=4930"}],"curies":[{"name":"wp","href":"https:\/\/api.w.org\/{rel}","templated":true}]}}