{"id":4933,"date":"2024-01-29T13:56:18","date_gmt":"2024-01-29T12:56:18","guid":{"rendered":"https:\/\/pasaenmendoza.com\/?p=4933"},"modified":"2024-01-29T13:56:20","modified_gmt":"2024-01-29T12:56:20","slug":"un-nene-se-electrocuto-con-el-calefon-y-el-personal-del-sec-lo-reanimo","status":"publish","type":"post","link":"https:\/\/pasaenmendoza.com\/?p=4933","title":{"rendered":"Un nene se electrocut\u00f3 con el calef\u00f3n y el personal del SEC lo reanim\u00f3"},"content":{"rendered":"\n<p>Este viernes pasado, cerca de las 22.00, la polic\u00eda recibi\u00f3 un llamado de emergencia alertando que en el\u00a0<strong>Barrio La Favorita de Ciudad<\/strong>, se registr\u00f3 un incidente lamentable que dej\u00f3 a\u00a0<strong>un menor de 11 a\u00f1os en estado grave luego de sufrir una descarga el\u00e9ctrica mientras se dispon\u00eda a ba\u00f1arse.\u00a0<\/strong><\/p>\n\n\n\n<p>Seg\u00fan el relato de la abuela del menor, el incidente ocurri\u00f3 cuando el ni\u00f1o estaba a punto de tomar un ba\u00f1o y,&nbsp;<strong>al intentar enchufar el calef\u00f3n, sufri\u00f3 una fuerte descarga el\u00e9ctrica<\/strong>. Ante la magnitud de la situaci\u00f3n, se solicit\u00f3 asistencia m\u00e9dica de manera urgente.<\/p>\n\n\n\n<p>Profesionales del interno 14 del Servicio de Emergencias Coordinado (SEC) acudieron al lugar y, tras evaluar la situaci\u00f3n, diagnosticaron al menor con un\u00a0<strong>paro cardiorrespiratorio<\/strong>\u00a0debido a la electrocuci\u00f3n. Gracias a los esfuerzos del personal m\u00e9dico,<strong>\u00a0lograron reanimarlo\u00a0<\/strong>antes de trasladarlo al Hospital Notti.<\/p>\n\n\n\n<p>El menor\u00a0<strong>ingres\u00f3 al hospital en estado estable, pero fue derivado\u00a0 a la unidad de terapia intensiva<\/strong>\u00a0para una mayor observaci\u00f3n y cuidado.\u00a0<\/p>\n\n\n\n<p>La gravedad de la situaci\u00f3n requiri\u00f3 la intervenci\u00f3n de la&nbsp;<strong>Oficina Fiscal N\u00b0 2 de la Comisar\u00eda 6\u00b0,<\/strong>&nbsp;quienes iniciaron las investigaciones correspondientes para esclarecer las circunstancias del incidente.<\/p>\n\n\n\n<p>Este lamentable hecho resalta la importancia de mantener precauciones en el hogar, especialmente en entornos donde se utilizan&nbsp;<strong>dispositivos el\u00e9ctricos en combinaci\u00f3n con agua.&nbsp;<\/strong><\/p>\n\n\n\n<p>Las autoridades instan a la comunidad a estar alerta y tomar medidas de seguridad para prevenir este tipo de accidentes, recordando que la electricidad presenta riesgos considerables que deben manejarse con\u00a0<strong>extrema precauci\u00f3n.<\/strong>\u00a0<\/p>\n\n\n\n<p><strong>Fuente: www.mendozapost.com<\/strong><\/p>\n","protected":false},"excerpt":{"rendered":"<p>Este viernes pasado, cerca de las 22.00, la polic\u00eda recibi\u00f3 un llamado de emergencia alertando que en el\u00a0Barrio La Favorita de Ciudad, se registr\u00f3 un incidente lamentable que dej\u00f3 a\u00a0un menor de 11 a\u00f1os en estado grave luego de sufrir una descarga el\u00e9ctrica mientras se dispon\u00eda a ba\u00f1arse.\u00a0 Seg\u00fan el relato de la abuela del [&hellip;]<\/p>\n","protected":false},"author":2,"featured_media":4934,"comment_status":"open","ping_status":"open","sticky":false,"template":"","format":"standard","meta":[],"categories":[48],"tags":[],"_links":{"self":[{"href":"https:\/\/pasaenmendoza.com\/index.php?rest_route=\/wp\/v2\/posts\/4933"}],"collection":[{"href":"https:\/\/pasaenmendoza.com\/index.php?rest_route=\/wp\/v2\/posts"}],"about":[{"href":"https:\/\/pasaenmendoza.com\/index.php?rest_route=\/wp\/v2\/types\/post"}],"author":[{"embeddable":true,"href":"https:\/\/pasaenmendoza.com\/index.php?rest_route=\/wp\/v2\/users\/2"}],"replies":[{"embeddable":true,"href":"https:\/\/pasaenmendoza.com\/index.php?rest_route=%2Fwp%2Fv2%2Fcomments&post=4933"}],"version-history":[{"count":1,"href":"https:\/\/pasaenmendoza.com\/index.php?rest_route=\/wp\/v2\/posts\/4933\/revisions"}],"predecessor-version":[{"id":4935,"href":"https:\/\/pasaenmendoza.com\/index.php?rest_route=\/wp\/v2\/posts\/4933\/revisions\/4935"}],"wp:featuredmedia":[{"embeddable":true,"href":"https:\/\/pasaenmendoza.com\/index.php?rest_route=\/wp\/v2\/media\/4934"}],"wp:attachment":[{"href":"https:\/\/pasaenmendoza.com\/index.php?rest_route=%2Fwp%2Fv2%2Fmedia&parent=4933"}],"wp:term":[{"taxonomy":"category","embeddable":true,"href":"https:\/\/pasaenmendoza.com\/index.php?rest_route=%2Fwp%2Fv2%2Fcategories&post=4933"},{"taxonomy":"post_tag","embeddable":true,"href":"https:\/\/pasaenmendoza.com\/index.php?rest_route=%2Fwp%2Fv2%2Ftags&post=4933"}],"curies":[{"name":"wp","href":"https:\/\/api.w.org\/{rel}","templated":true}]}}