{"id":4936,"date":"2024-01-29T14:01:04","date_gmt":"2024-01-29T13:01:04","guid":{"rendered":"https:\/\/pasaenmendoza.com\/?p=4936"},"modified":"2024-01-29T14:01:06","modified_gmt":"2024-01-29T13:01:06","slug":"se-entrego-el-acusado-de-atropellar-a-una-mujer-y-darse-a-la-fuga-la-victima-lucha-por-su-vida","status":"publish","type":"post","link":"https:\/\/pasaenmendoza.com\/?p=4936","title":{"rendered":"Se entreg\u00f3 el acusado de atropellar a una mujer y darse a la fuga: la v\u00edctima lucha por su vida"},"content":{"rendered":"\n<p>Desde hace poco m\u00e1s de una semana que<strong>&nbsp;Erika Estefan\u00eda Ortega<\/strong>&nbsp;lucha por su vida en la&nbsp;<strong>Unidad de Terapia Intensiva&nbsp;<\/strong>del<strong>&nbsp;Hospital Central<\/strong>. La mujer, de 31 a\u00f1os, fue atropellada por una camioneta junto a sus dos hijitos el s\u00e1bado 20 en el&nbsp;<strong>parque Ferri&nbsp;<\/strong>de&nbsp;<strong>Luj\u00e1n de Cuyo<\/strong>. Los ni\u00f1os no sufrieron heridas de gravedad, pero la madre se llev\u00f3 la peor parte y qued\u00f3 en estado cr\u00edtico.<\/p>\n\n\n\n<p><mark>El conductor, identificado como<strong>\u00a0Federico Fabi\u00e1n Valenzuela\u00a0<\/strong>(47), se dio a la fuga luego de arrollar a la familia<\/mark>\u00a0y el\u00a0<strong>fiscal de Tr\u00e1nsito Fernando Giunta\u00a0<\/strong>solicit\u00f3 su captura. En los \u00faltimos d\u00edas, fue intensamente buscado por polic\u00edas\u00a0<strong>Investigaciones<\/strong>, que desarrollaron dos registros domiciliarios y dos allanamientos, pero no lograron dar con el acusado.<\/p>\n\n\n\n<p>Eso s\u00ed, en una de esas medidas se logr\u00f3 secuestrar la&nbsp;<strong>Ford F-100&nbsp;<\/strong>azul que del sospechoso, la cual se encontraba estacionada fuera del domicilio de su madre. El veh\u00edculo fue sometido a los peritajes correspondientes, cuyos resultados se incorporar\u00e1n al expediente.<\/p>\n\n\n\n<p>Finalmente,\u00a0<mark>pasadas las 19 de este s\u00e1bado pasado Valenzuela se present\u00f3 en la\u00a0<strong>Comisar\u00eda 11\u00aa<\/strong><\/mark>, a donde fue llevado a bordo de un auto por un hermano, y se entreg\u00f3 ante las autoridades de la\u00a0<strong>Oficina Fiscal N\u00ba 11<\/strong>.<\/p>\n\n\n\n<p>En las pr\u00f3ximas horas el fiscal Giunta lo imputar\u00e1 por\u00a0<strong>lesiones graves agravadas por la fuga\u00a0<\/strong>y\u00a0<mark>ordenar\u00e1 su traslado a prisi\u00f3n<\/mark>. Esto \u00faltimo, explicaron fuentes allegadas a la investigaci\u00f3n, porque el representante del Ministerio P\u00fablico considera que existe riesgo de fuga.<\/p>\n\n\n\n<p>Previo a eso, familiares de la v\u00edctima escracharon a Valenzuela a trav\u00e9s de las redes sociales y tambi\u00e9n realizaron pintadas en la casa de su madre.&nbsp;<mark>En ese domicilio se vivieron momentos de tensi\u00f3n y debi\u00f3 intervenir la polic\u00eda<\/mark>.<\/p>\n\n\n\n<p>Adem\u00e1s, la tarde del viernes parientes y allegados de Ortega se manifestaron con carteles frente a la citada dependencia lujanina. Ped\u00edan justicia y la r\u00e1pida detenci\u00f3n del presunto responsable del siniestro.<\/p>\n\n\n\n<p><strong>El accidente<\/strong><\/p>\n\n\n\n<p>De acuerdo con la informaci\u00f3n policial, el hecho se produjo pasadas las 18 del s\u00e1bado 20 cuando la Ortega y sus dos hijos cruzaban la&nbsp;<strong>calle Beltr\u00e1n<\/strong>, en el interior del citado espacio verde de Luj\u00e1n.<\/p>\n\n\n\n<p>En ese instante, agrega, una camioneta azul los embisti\u00f3 y el conductor\u00a0<mark>arrastr\u00f3 a la mujer por unos 30 metros, para luego darse a la fuga del lugar<\/mark>.<\/p>\n\n\n\n<p>La mujer fue trasladada de urgencia al centro asistencia de calle Alem de Ciudad, donde le diagnosticaron politraumatismos por accidente vial y fractura de columna.<\/p>\n\n\n\n<p>Fuentes hospitalarias se\u00f1alaron que,&nbsp;<mark>a ra\u00edz de las lesiones sufridas, la mujer quiz\u00e1s no pueda volver a caminar, en caso de quedar con vida<\/mark>.<\/p>\n\n\n\n<p>Hasta la ma\u00f1ana de este domingo pasado, Ortega continuaba bajo cuidados intensivos e intubada, por lo que su estado era cr\u00edtico.<\/p>\n\n\n\n<p><strong>Fuente: www.elsol.com.ar<\/strong><\/p>\n","protected":false},"excerpt":{"rendered":"<p>Desde hace poco m\u00e1s de una semana que&nbsp;Erika Estefan\u00eda Ortega&nbsp;lucha por su vida en la&nbsp;Unidad de Terapia Intensiva&nbsp;del&nbsp;Hospital Central. La mujer, de 31 a\u00f1os, fue atropellada por una camioneta junto a sus dos hijitos el s\u00e1bado 20 en el&nbsp;parque Ferri&nbsp;de&nbsp;Luj\u00e1n de Cuyo. Los ni\u00f1os no sufrieron heridas de gravedad, pero la madre se llev\u00f3 la [&hellip;]<\/p>\n","protected":false},"author":2,"featured_media":4937,"comment_status":"open","ping_status":"open","sticky":false,"template":"","format":"standard","meta":[],"categories":[48],"tags":[],"_links":{"self":[{"href":"https:\/\/pasaenmendoza.com\/index.php?rest_route=\/wp\/v2\/posts\/4936"}],"collection":[{"href":"https:\/\/pasaenmendoza.com\/index.php?rest_route=\/wp\/v2\/posts"}],"about":[{"href":"https:\/\/pasaenmendoza.com\/index.php?rest_route=\/wp\/v2\/types\/post"}],"author":[{"embeddable":true,"href":"https:\/\/pasaenmendoza.com\/index.php?rest_route=\/wp\/v2\/users\/2"}],"replies":[{"embeddable":true,"href":"https:\/\/pasaenmendoza.com\/index.php?rest_route=%2Fwp%2Fv2%2Fcomments&post=4936"}],"version-history":[{"count":1,"href":"https:\/\/pasaenmendoza.com\/index.php?rest_route=\/wp\/v2\/posts\/4936\/revisions"}],"predecessor-version":[{"id":4938,"href":"https:\/\/pasaenmendoza.com\/index.php?rest_route=\/wp\/v2\/posts\/4936\/revisions\/4938"}],"wp:featuredmedia":[{"embeddable":true,"href":"https:\/\/pasaenmendoza.com\/index.php?rest_route=\/wp\/v2\/media\/4937"}],"wp:attachment":[{"href":"https:\/\/pasaenmendoza.com\/index.php?rest_route=%2Fwp%2Fv2%2Fmedia&parent=4936"}],"wp:term":[{"taxonomy":"category","embeddable":true,"href":"https:\/\/pasaenmendoza.com\/index.php?rest_route=%2Fwp%2Fv2%2Fcategories&post=4936"},{"taxonomy":"post_tag","embeddable":true,"href":"https:\/\/pasaenmendoza.com\/index.php?rest_route=%2Fwp%2Fv2%2Ftags&post=4936"}],"curies":[{"name":"wp","href":"https:\/\/api.w.org\/{rel}","templated":true}]}}