{"id":4940,"date":"2024-01-29T15:09:09","date_gmt":"2024-01-29T14:09:09","guid":{"rendered":"https:\/\/pasaenmendoza.com\/?p=4940"},"modified":"2024-01-29T15:09:11","modified_gmt":"2024-01-29T14:09:11","slug":"calendario-escolar-2024-definieron-fechas-de-inicio-y-finalizacion-de-clases","status":"publish","type":"post","link":"https:\/\/pasaenmendoza.com\/?p=4940","title":{"rendered":"Calendario escolar 2024: definieron fechas de inicio y finalizaci\u00f3n de clases"},"content":{"rendered":"\n<p>La\u00a0<strong>Direcci\u00f3n General de Escuelas (DGE)<\/strong>\u00a0confirm\u00f3 el\u00a0<strong>calendario escolar<\/strong>\u00a0completo para el\u00a0ciclo lectivo 2024\u00a0pr\u00f3ximo a iniciar. El 2 de febrero est\u00e1 prevista la presentaci\u00f3n de los lineamientos de trabajo y los contenidos de las jornadas institucionales que se realizar\u00e1n el jueves 8, viernes 9 y mi\u00e9rcoles 14 de febrero. El\u00a0<strong>inicio de clases<\/strong>\u00a0para todas las modalidades ser\u00e1 el 26 de febrero con una excepci\u00f3n.<\/p>\n\n\n\n<p>El comienzo de\u00a0<strong>clases<\/strong>\u00a0para estudiantes\u00a0que han registrado necesidades de fortalecimiento pedag\u00f3gico ser\u00e1 el pr\u00f3ximo 14 de febrero mientras que, para\u00a0todos los niveles y modalidades ser\u00e1 el 26 de febrero. No obstante, los primeros d\u00edas de febrero se llevar\u00e1n a cabo jornadas de trabajo con docentes y directivos.<\/p>\n\n\n\n<p>Para el pr\u00f3ximo a\u00f1o qued\u00f3 establecido que las\u00a0vacaciones de invierno\u00a0ser\u00e1n\u00a0desde el lunes 8 al\u00a0 domingo 21 de julio. Teniendo en cuenta el fin de semana previo, el descanso para alumnos y docentes ser\u00e1 en realidad desde el s\u00e1bado 6 de julio al citado domingo 21.\u00a0<\/p>\n\n\n\n<h2 class=\"wp-block-heading\">El calendario completo de la DGE para 2024<\/h2>\n\n\n\n<ul>\n<li>Acto de presentaci\u00f3n de los lineamientos pol\u00edticos y pedag\u00f3gicos a cargo del director general de Escuelas junto a su equipo de trabajo: 2 de febrero<\/li>\n\n\n\n<li>Jornadas directivas: 5 y 6 de febrero. En esta instancia,&nbsp;las instituciones escolares abordar\u00e1n&nbsp;tem\u00e1ticas espec\u00edficas del nivel centradas en los resultados de los aprendizajes 2023 y en estrategias para fortalecer las trayectorias escolares. Tambi\u00e9n se analizar\u00e1n estrategias para atenci\u00f3n de la diversidad y aulas heterog\u00e9neas. Esta jornada es com\u00fan a todos los niveles y modalidades del sistema educativo provincial, elaborada conjuntamente con la Direcci\u00f3n de Educaci\u00f3n Especial.<\/li>\n\n\n\n<li>Comienzo de la actividad docente: 6 de febrero<\/li>\n\n\n\n<li>Comienzo de clases para estudiantes&nbsp;que han registrado necesidades de fortalecimiento pedag\u00f3gico: 14 de febrero<\/li>\n\n\n\n<li>Inicio de clases de todos los niveles y modalidades: 26 de febrero<\/li>\n\n\n\n<li>Inicio de clases de escuelas secundarias (orientadas, t\u00e9cnicas y de j\u00f3venes y adultos):&nbsp;28 de febrero<\/li>\n\n\n\n<li>Vacaciones de invierno: 8 a 21 de julio<\/li>\n\n\n\n<li>Finalizaci\u00f3n de clases del ciclo lectivo 2024: 13 de diciembre<\/li>\n\n\n\n<li>Finalizaci\u00f3n de actividades docentes: 18 de diciembre<\/li>\n\n\n\n<li>Finalizaci\u00f3n de actividades de directores: 20 de diciembre<\/li>\n\n\n\n<li>Finalizaci\u00f3n de actividades de supervisores: 23 de diciembre.<\/li>\n<\/ul>\n\n\n\n<p><strong>Fuente: www.mdzol.com<\/strong><\/p>\n","protected":false},"excerpt":{"rendered":"<p>La\u00a0Direcci\u00f3n General de Escuelas (DGE)\u00a0confirm\u00f3 el\u00a0calendario escolar\u00a0completo para el\u00a0ciclo lectivo 2024\u00a0pr\u00f3ximo a iniciar. El 2 de febrero est\u00e1 prevista la presentaci\u00f3n de los lineamientos de trabajo y los contenidos de las jornadas institucionales que se realizar\u00e1n el jueves 8, viernes 9 y mi\u00e9rcoles 14 de febrero. El\u00a0inicio de clases\u00a0para todas las modalidades ser\u00e1 el 26 [&hellip;]<\/p>\n","protected":false},"author":2,"featured_media":4941,"comment_status":"open","ping_status":"open","sticky":false,"template":"","format":"standard","meta":[],"categories":[56],"tags":[],"_links":{"self":[{"href":"https:\/\/pasaenmendoza.com\/index.php?rest_route=\/wp\/v2\/posts\/4940"}],"collection":[{"href":"https:\/\/pasaenmendoza.com\/index.php?rest_route=\/wp\/v2\/posts"}],"about":[{"href":"https:\/\/pasaenmendoza.com\/index.php?rest_route=\/wp\/v2\/types\/post"}],"author":[{"embeddable":true,"href":"https:\/\/pasaenmendoza.com\/index.php?rest_route=\/wp\/v2\/users\/2"}],"replies":[{"embeddable":true,"href":"https:\/\/pasaenmendoza.com\/index.php?rest_route=%2Fwp%2Fv2%2Fcomments&post=4940"}],"version-history":[{"count":1,"href":"https:\/\/pasaenmendoza.com\/index.php?rest_route=\/wp\/v2\/posts\/4940\/revisions"}],"predecessor-version":[{"id":4942,"href":"https:\/\/pasaenmendoza.com\/index.php?rest_route=\/wp\/v2\/posts\/4940\/revisions\/4942"}],"wp:featuredmedia":[{"embeddable":true,"href":"https:\/\/pasaenmendoza.com\/index.php?rest_route=\/wp\/v2\/media\/4941"}],"wp:attachment":[{"href":"https:\/\/pasaenmendoza.com\/index.php?rest_route=%2Fwp%2Fv2%2Fmedia&parent=4940"}],"wp:term":[{"taxonomy":"category","embeddable":true,"href":"https:\/\/pasaenmendoza.com\/index.php?rest_route=%2Fwp%2Fv2%2Fcategories&post=4940"},{"taxonomy":"post_tag","embeddable":true,"href":"https:\/\/pasaenmendoza.com\/index.php?rest_route=%2Fwp%2Fv2%2Ftags&post=4940"}],"curies":[{"name":"wp","href":"https:\/\/api.w.org\/{rel}","templated":true}]}}