{"id":4943,"date":"2024-01-29T15:16:59","date_gmt":"2024-01-29T14:16:59","guid":{"rendered":"https:\/\/pasaenmendoza.com\/?p=4943"},"modified":"2024-01-29T15:17:01","modified_gmt":"2024-01-29T14:17:01","slug":"los-empleados-de-comercio-lograron-un-aumento-salarial-y-cobraran-casi-574-000-desde-enero","status":"publish","type":"post","link":"https:\/\/pasaenmendoza.com\/?p=4943","title":{"rendered":"Los empleados de comercio lograron un aumento salarial y cobrar\u00e1n casi $574.000 desde enero"},"content":{"rendered":"\n<p><strong>Ning\u00fan\u00a0empleado de comercio\u00a0ganar\u00e1 menos de $574 mil desde enero<\/strong>, seg\u00fan lo que acordaron de\u00a0<strong>aumento salarial\u00a0<\/strong>las c\u00e1maras empresariales y el sindicato del sector, que enrola a casi 2 millones de afiliados.<\/p>\n\n\n\n<p>La Federaci\u00f3n Argentina de Empleados de Comercio y Servicios (FAECYS) y la C\u00e1mara Argentina de Comercio (CAC), la Confederaci\u00f3n de la Mediana Empresa (CAME) y la Uni\u00f3n de Entidades Comerciales (Udeca), firmaron un acuerdo paritario mensual con un incremento que incluye una&nbsp;<strong>recomposici\u00f3n del 11% para diciembre (se suma al 13,3% acordado en el cierre paritario anterior), m\u00e1s un incremento del 20% en lo que respecta a enero<\/strong>, lo que lleva al salario b\u00e1sico a $573.423 con presentismo. Adem\u00e1s, se consensu\u00f3 volver a negociar en febrero.<\/p>\n\n\n\n<p>Armando Cavalieri, secretario general de FAECYS, destac\u00f3: &#8220;Estos acuerdos no solo responden a las exigencias del momento, sino que tambi\u00e9n reflejan nuestro compromiso con los trabajadores&#8221;.<\/p>\n\n\n\n<p>Cavalieri dijo que &#8220;en un escenario marcado por la incertidumbre, con incrementos muy fuertes de los precios, y valoramos enormemente la colaboraci\u00f3n entre todos los sectores involucrados para mantener un equilibrio justo y sostenible&#8221;.<\/p>\n\n\n\n<p>El&nbsp;<strong>acuerdo salarial,<\/strong>&nbsp;que se firm\u00f3 en el Ministerio de Trabajo, Empleo y Seguridad Social, corresponde a la&nbsp;<strong>paritaria que va de abril 2023 a marzo 2024.<\/strong><\/p>\n\n\n\n<h2 class=\"wp-block-heading\">El acuerdo para los empleados de comercio<\/h2>\n\n\n\n<p>La C\u00e1mara de Comercio detall\u00f3 que se acord\u00f3 un incremento de los b\u00e1sicos del 11% desde enero de 2024, tomando como base de&nbsp;<strong>c\u00e1lculo las remuneraciones de diciembre de 2023; y un aumento no remunerativo de 20% desde enero, que toma como base de c\u00e1lculo las remuneraciones b\u00e1sicas de enero de 2024.<\/strong><\/p>\n\n\n\n<p>&#8220;El monto no remunerativo mencionado se incorporar\u00e1 a las escalas de abril de 2024, por su valor nominal&#8221;, indic\u00f3 la entidad presidida por Mario Grinman.<\/p>\n\n\n\n<p>&#8220;<strong>Lo pactado tiene vigencia desde el 1\u00b0 de enero de 2024 y hasta el 31 de marzo de 2024<\/strong>, sin perjuicio de lo cual las partes se comprometieron a reunirse en febrero de 2024 para analizar las variaciones econ\u00f3micas que pudieran haber ocurrido&#8221;, indic\u00f3.<\/p>\n\n\n\n<p>Adem\u00e1s, aclar\u00f3 que &#8220;los incrementos no son vinculantes para los acuerdos salariales que pudieran suscribirse en el \u00e1mbito de la ciudad de R\u00edo Grande, provincia de Tierra del Fuego, sin perjuicio de que las sumas resultantes de los incrementos pactados constituyan el m\u00ednimo convencional vigente a partir de la homologaci\u00f3n&#8221;.<\/p>\n\n\n\n<p>La revisi\u00f3n se da en el marco del compromiso de reuni\u00f3n durante enero \u2013a iniciativa de cualquiera de las partes\u2013 para analizar lo pactado en el acuerdo del pasado 26 de octubre ante las variaciones econ\u00f3micas registradas desde entonces, previsto en la cl\u00e1usula quinta del mencionado entendimiento.<\/p>\n\n\n\n<p><strong>Fuente: www.diariouno.com.ar<\/strong><\/p>\n","protected":false},"excerpt":{"rendered":"<p>Ning\u00fan\u00a0empleado de comercio\u00a0ganar\u00e1 menos de $574 mil desde enero, seg\u00fan lo que acordaron de\u00a0aumento salarial\u00a0las c\u00e1maras empresariales y el sindicato del sector, que enrola a casi 2 millones de afiliados. La Federaci\u00f3n Argentina de Empleados de Comercio y Servicios (FAECYS) y la C\u00e1mara Argentina de Comercio (CAC), la Confederaci\u00f3n de la Mediana Empresa (CAME) y [&hellip;]<\/p>\n","protected":false},"author":2,"featured_media":4944,"comment_status":"open","ping_status":"open","sticky":false,"template":"","format":"standard","meta":[],"categories":[55],"tags":[],"_links":{"self":[{"href":"https:\/\/pasaenmendoza.com\/index.php?rest_route=\/wp\/v2\/posts\/4943"}],"collection":[{"href":"https:\/\/pasaenmendoza.com\/index.php?rest_route=\/wp\/v2\/posts"}],"about":[{"href":"https:\/\/pasaenmendoza.com\/index.php?rest_route=\/wp\/v2\/types\/post"}],"author":[{"embeddable":true,"href":"https:\/\/pasaenmendoza.com\/index.php?rest_route=\/wp\/v2\/users\/2"}],"replies":[{"embeddable":true,"href":"https:\/\/pasaenmendoza.com\/index.php?rest_route=%2Fwp%2Fv2%2Fcomments&post=4943"}],"version-history":[{"count":1,"href":"https:\/\/pasaenmendoza.com\/index.php?rest_route=\/wp\/v2\/posts\/4943\/revisions"}],"predecessor-version":[{"id":4945,"href":"https:\/\/pasaenmendoza.com\/index.php?rest_route=\/wp\/v2\/posts\/4943\/revisions\/4945"}],"wp:featuredmedia":[{"embeddable":true,"href":"https:\/\/pasaenmendoza.com\/index.php?rest_route=\/wp\/v2\/media\/4944"}],"wp:attachment":[{"href":"https:\/\/pasaenmendoza.com\/index.php?rest_route=%2Fwp%2Fv2%2Fmedia&parent=4943"}],"wp:term":[{"taxonomy":"category","embeddable":true,"href":"https:\/\/pasaenmendoza.com\/index.php?rest_route=%2Fwp%2Fv2%2Fcategories&post=4943"},{"taxonomy":"post_tag","embeddable":true,"href":"https:\/\/pasaenmendoza.com\/index.php?rest_route=%2Fwp%2Fv2%2Ftags&post=4943"}],"curies":[{"name":"wp","href":"https:\/\/api.w.org\/{rel}","templated":true}]}}