{"id":4946,"date":"2024-01-29T15:26:33","date_gmt":"2024-01-29T14:26:33","guid":{"rendered":"https:\/\/pasaenmendoza.com\/?p=4946"},"modified":"2024-01-29T15:26:34","modified_gmt":"2024-01-29T14:26:34","slug":"impsa-da-signos-de-recuperacion-con-convocatorias-laborales-proyecciones-en-verde-y-proyectos-activos","status":"publish","type":"post","link":"https:\/\/pasaenmendoza.com\/?p=4946","title":{"rendered":"IMPSA da signos de recuperaci\u00f3n con convocatorias laborales, proyecciones en verde y proyectos activos"},"content":{"rendered":"\n<p>El a\u00f1o arranc\u00f3 para\u00a0<strong>IMPSA\u00a0<\/strong>con sonrisa. Proyectos nacionales e internacionales en marcha y convocatorias laborales abiertas dan cuenta del momento que atraviesa la empresa, muy lejos de aquellos de 2021 cuando Mendoza y la Naci\u00f3n invirtieron para quedarse con la mayor\u00eda de las acciones de la sociedad y &#8220;salvarla&#8221;.<\/p>\n\n\n\n<p><strong>&#8220;IMPSA ha recuperado el ritmo de trabajo&#8221;, confirm\u00f3 en ese sentido Julio Totero<\/strong>, el empresario metal\u00fargico y dirigente pol\u00edtico que en diciembre se hizo cargo de las acciones mendocinas y asumi\u00f3 como director.<\/p>\n\n\n\n<p>Ese ritmo al que se refiere no es el de los mejores tiempos pero s\u00ed se espera que se acreciente y son los n\u00fameros del \u00faltimo balance los que respaldan el plan.<\/p>\n\n\n\n<p>Oficialmente, la Comisi\u00f3n Nacional de Valores recibi\u00f3 en noviembre pasado el resultado del ejercicio, al 30 de septiembre de 2023. A mediados de febrero se conocer\u00e1n p\u00fablicamente las\u00a0<strong>proyecciones\u00a0<\/strong>que, seg\u00fan dijeron desde la empresa, por primera vez desde el salvataje son con\u00a0<strong>n\u00fameros en verde<\/strong>.<\/p>\n\n\n\n<h2 class=\"wp-block-heading\">Ofertas laborales en IMPSA<\/h2>\n\n\n\n<p>Solo en la \u00faltima semana hubo 9 llamados laborales, algunos con car\u00e1cter de urgente. Son para trabajar con asiento en Mendoza o en San Juan, aunque tambi\u00e9n se pide en algunos casos disponibilidad para viajar.<\/p>\n\n\n\n<p>Estas convocatorias reflejan en parte el movimiento de la empresa con participaci\u00f3n estatal, aunque Totero aclara que hoy IMPSA baj\u00f3 los costos que demanda el personal y funciona con unas 17 personas menos que cuando el Estado tom\u00f3 las riendas.<\/p>\n\n\n\n<h3 class=\"wp-block-heading\">Las ofertas abiertas en Mendoza son:<\/h3>\n\n\n\n<p>1. Analista contable para la sumarse a la Direcci\u00f3n de Administraci\u00f3n y Finanzas. Se requiere idioma ingl\u00e9s y disponibilidad para viajar.<\/p>\n\n\n\n<p>2. Profesionales graduados de las carreras de Ingenier\u00eda El\u00e9ctrica, Industrial, Mec\u00e1nica o afines con 10 a\u00f1os de experiencia para ser l\u00edder de proyecto.<\/p>\n\n\n\n<p>3. T\u00e9cnico\/a el\u00e9ctrico\/a o mec\u00e1nico\/a para obra. En este caso se ofrece con car\u00e1cter de urgente.<\/p>\n\n\n\n<p>4. Supervisor\/a de montaje electromec\u00e1nico en obra en Santa Rosa. Para este puesto se pide graduados en carreras t\u00e9cnicas de Electromec\u00e1nica o El\u00e9ctrica.<\/p>\n\n\n\n<h3 class=\"wp-block-heading\">Las ofertas abiertas en San Juan son:<\/h3>\n\n\n\n<p>1. Inspector\/a de calidad cenior para obra. En este caso, IMPSA busca un profesional graduado\/a en carreras t\u00e9cnicas: Mec\u00e1nica, Electromec\u00e1nica o Industria.<\/p>\n\n\n\n<p>2. Proyectista para obra en Ullum. Se buscan t\u00e9cnicos\/as electromec\u00e1nicos\/as o el\u00e9ctricos\/as, urgente.<\/p>\n\n\n\n<p>3. Inspector\/a de Ambiente y Seguridad Laboral para obra. IMPSA necesita un profesional graduado\/a en Tecnicatura de Higiene y Seguridad o carreras afines. Tambi\u00e9n, urgente.<\/p>\n\n\n\n<p>4. Auxiliar de dep\u00f3sito en obra. Los candidatos deben tener experiencia m\u00ednima de 2 a\u00f1os en posiciones similares, controlando las actividades de almac\u00e9n de materias primas.<\/p>\n\n\n\n<p>5. Supervisor\/a de montaje electromec\u00e1nico en obra \/ San Juan. Para ello es necesario un profesional recibido\/a en las carreras t\u00e9cnicas de Electromec\u00e1nica o El\u00e9ctrica (urgente).<\/p>\n\n\n\n<h2 class=\"wp-block-heading\">Sem\u00e1foro verde: la recuperaci\u00f3n en n\u00fameros<\/h2>\n\n\n\n<p>Mientras se espera la renovaci\u00f3n de autoridades, para que el nuevo gobierno nacional nombre a sus representantes,&nbsp;<strong>&#8220;IMPSA cerr\u00f3 un balance positivo en 2023&#8221;, asegur\u00f3 el mendocino Totero<\/strong>, que es uno de los que asumi\u00f3 el cargo de vicepresidente de la entidad de manera provisoria hasta fines de febrero, cuando se realice una nueva asamblea y el Fondo Nacional de Desarrollo Productivo (FONDEP), due\u00f1o del 63,7% de las acciones, designe a sus directores.<\/p>\n\n\n\n<p>En concreto, el estado contable presentado formalmente en la CNV sobre los primeros nueves meses del 2023 arroja una mejora de casi el 90% respecto de igual per\u00edodo de 2022. Al 30 de septiembre, seg\u00fan los n\u00fameros aprobados en noviembre, la p\u00e9rdida ya era s\u00f3lo de $519 millones, cuando un a\u00f1o antes era de m\u00e1s de $4.600 millones.<\/p>\n\n\n\n<p>Pero a esas conclusiones hay que agregarles las&nbsp;<strong>proyecciones que, seg\u00fan afirmaron desde la sociedad, dan en verde, con un balance positivo para el 2023<\/strong>. Formalmente se conocer\u00e1n esos n\u00fameros a mediados de febrero.<\/p>\n\n\n\n<h2 class=\"wp-block-heading\">El portafolio de IMPSA en Argentina y en el exterior<\/h2>\n\n\n\n<p>IMPSA apoya esos n\u00fameros fr\u00edos y las proyecciones para el 2024 en los proyectos que concret\u00f3 el a\u00f1o pasado, los convenios que firm\u00f3 y los que tiene en marcha.<\/p>\n\n\n\n<p>Desde la empresa hicieron un repaso de los principales trabajos:<\/p>\n\n\n\n<ul>\n<li><strong>Nueva turbina para Yacyret\u00e1<\/strong>. IMPSA entreg\u00f3 una nueva turbina Kaplan a la Central Hidroel\u00e9ctrica Yacyret\u00e1. Se trata de la cuarta de las seis turbinas que IMPSA est\u00e1 desarrollando para la Entidad Binacional Yacyret\u00e1 (EBY). En la fabricaci\u00f3n de cada turbina trabajaron 50 ingenieros, 100 t\u00e9cnicos y 250 operarios. En enero de 2024 se realiz\u00f3 el descenso de la tercera turbina, como parte del operativo de montaje.<\/li>\n\n\n\n<li><strong>Construcci\u00f3n de un parque solar en San Juan<\/strong>. En febrero de 2023 la empresa EPSE contrat\u00f3 a IMPSA para construir y poner en marcha el Parque Fotovoltaico Ullum Alfa, en San Juan, que tendr\u00e1 una capacidad instalada de 50 MW. En la primera etapa este parque evitar\u00e1 la emisi\u00f3n de 49.667 tn de CO2 por a\u00f1o y potenciar\u00e1 el desarrollo de las pymes nacionales en todo lo relacionado a la provisi\u00f3n de equipos especiales; de insumos y servicios para las instalaciones. Actualmente, avanzan las obras en el parque, con el arribo de los paneles y gran parte del suelo nivelado.<\/li>\n\n\n\n<li><strong>Avances en la creaci\u00f3n del CENTEC<\/strong>. A finales de 2023 comenzaron las obras para la construcci\u00f3n del edificio central y la adquisici\u00f3n de parte del equipamiento del CENTEC, el primer&nbsp;<strong>Centro Tecnol\u00f3gico en Energ\u00edas Renovables de la regi\u00f3n de Cuyo<\/strong>. Estar\u00e1 ubicado en el predio de IMPSA y que contar\u00e1 con 8 laboratorios, estar\u00e1 orientado a la investigaci\u00f3n y desarrollo de tecnolog\u00edas de generaci\u00f3n, almacenamiento, distribuci\u00f3n y gesti\u00f3n de energ\u00eda renovables con incorporaci\u00f3n de inteligencia artificial.<\/li>\n\n\n\n<li><strong>Nuevos componentes para el CAREM<\/strong>. En marzo de 2023 IMPSA firm\u00f3 un contrato con la&nbsp;<strong>Comisi\u00f3n Nacional de Energ\u00eda At\u00f3mica (CNEA)&nbsp;<\/strong>para fabricar componentes auxiliares del reactor nuclear de potencia CAREM, el primero dise\u00f1ado y construido \u00edntegramente en la Argentina. El acuerdo posiciona a IMPSA como una de las pocas empresas en la regi\u00f3n capaces de trabajar con componentes calificados a nivel nuclear, y perfila a nuestro pa\u00eds como uno de los l\u00edderes mundiales en el segmento de reactores modulares de baja y media potencia.<\/li>\n<\/ul>\n\n\n\n<figure class=\"wp-block-image\"><img decoding=\"async\" src=\"https:\/\/media.diariouno.com.ar\/p\/dc19cc9ea4fad5f66ad4d500c56678e8\/adjuntos\/298\/imagenes\/009\/286\/0009286785\/1200x0\/smart\/impsa-mendoza-1jpg.jpg\" alt=\"IMPSA ha lanzado una oferta de empleos.\" title=\"IMPSA ha lanzado una oferta de empleos.\"\/><\/figure>\n\n\n\n<p>IMPSA ha lanzado una oferta de empleos.<\/p>\n\n\n\n<p>En IMPSA destacan como proyectos en marcha, el desarrollo del&nbsp;<strong>Centro de Desarrollo Tecnol\u00f3gico, en Godoy Cruz<\/strong>. All\u00ed se fabrican turbinas para la Central Hidroel\u00e9ctrica de&nbsp;<strong>Yacyret\u00e1<\/strong>, en Corrientes; equipamientos para la&nbsp;<strong>Central Hidroel\u00e9ctrica El Tambolar<\/strong>, en San Juan; el reactor desulfurizador y distintos equipos pesados en para la ampliaci\u00f3n y modernizaci\u00f3n de la&nbsp;<strong>refiner\u00eda de Luj\u00e1n de Cuyo de YPF&nbsp;<\/strong>y el recipiente de presi\u00f3n del&nbsp;<strong>CAREM<\/strong>, el primer reactor nuclear de potencia \u00edntegramente dise\u00f1ado y construido en la Argentina.<\/p>\n\n\n\n<p>Seg\u00fan contaron, IMPSA destin\u00f3 una nave de su predio exclusivamente para los proyectos de la&nbsp;<strong>industria de defensa<\/strong>, donde lleva adelante la modernizaci\u00f3n del Tanque Argentino Mediano (TAM) 2C, el principal veh\u00edculo blindado del pa\u00eds y una gr\u00faa para el astillero en la Base Naval Puerto Belgrano, en Bah\u00eda Blanca.<\/p>\n\n\n\n<p>Al mismo tiempo, el equipo de IMPSA est\u00e1 realizando&nbsp;<strong>estudios de ingenier\u00eda avanzada sobre las turbinas de la Central Hidroel\u00e9ctrica Santo Antonio, en Brasil<\/strong>, para determinar las causas que producen fallas en las turbinas y proponer una soluci\u00f3n para implementar en las 50 unidades de la central.<\/p>\n\n\n\n<p><strong>&#8220;La gente tiene que saber que si no existiera IMPSA, todo eso se tendr\u00eda que traer del exterior y costar\u00eda muchos, muchos d\u00f3lares&#8221;<\/strong>.<\/p>\n\n\n\n<h2 class=\"wp-block-heading\">Acciones en proceso de venta<\/h2>\n\n\n\n<p>En total son 2.138.900.000 las acciones que representan el 100% del capital accionario de IMPSA. De ese total, Mendoza es due\u00f1a del 21,2%, es decir, 454.300.000 acciones ordinarias Clase C.<\/p>\n\n\n\n<p>El resto est\u00e1n repartidos entre el estado nacional a trav\u00e9s del Fondo Nacional de Desarrollo Productivo (FONDEP) que es titular de 1.362.900.000 acciones ordinarias Clase C (63,7%); el fideicomiso de Acciones de IMPSA, que es titular de 209.105.000 acciones ordinarias Clase A y el fideicomiso de los accionistas originarios que es titular de otras 112.595.000 acciones ordinarias Clase B.<\/p>\n\n\n\n<p>Todas ellas<strong>&nbsp;entraron en ese proceso el 28 de abril pasado cuando IMPSA pidi\u00f3 a la Comisi\u00f3n Nacional de Valores acceder a la oferta p\u00fablica<\/strong>.<\/p>\n\n\n\n<p>Ese tr\u00e1mite sigue en pie y transcurre seg\u00fan los tiempos habituales de la CNV. Una vez que se d\u00e9 el ok, los accionistas decidir\u00e1n qu\u00e9 tipo de acciones (A, B y\/o C) cotizar\u00e1n y, luego, a qu\u00e9 precio.<\/p>\n\n\n\n<p>Se trata de un<strong>\u00a0proceso natural despu\u00e9s del &#8220;rescate&#8221; que hicieron la Naci\u00f3n y Mendoza en 2021,<\/strong>\u00a0que termina en que la participaci\u00f3n del Estado se vaya retirando si as\u00ed fuere conveniente.<\/p>\n\n\n\n<p><strong>Fuente: www.diariouno.com.ar<\/strong><\/p>\n","protected":false},"excerpt":{"rendered":"<p>El a\u00f1o arranc\u00f3 para\u00a0IMPSA\u00a0con sonrisa. Proyectos nacionales e internacionales en marcha y convocatorias laborales abiertas dan cuenta del momento que atraviesa la empresa, muy lejos de aquellos de 2021 cuando Mendoza y la Naci\u00f3n invirtieron para quedarse con la mayor\u00eda de las acciones de la sociedad y &#8220;salvarla&#8221;. &#8220;IMPSA ha recuperado el ritmo de trabajo&#8221;, [&hellip;]<\/p>\n","protected":false},"author":2,"featured_media":4947,"comment_status":"open","ping_status":"open","sticky":false,"template":"","format":"standard","meta":[],"categories":[94],"tags":[],"_links":{"self":[{"href":"https:\/\/pasaenmendoza.com\/index.php?rest_route=\/wp\/v2\/posts\/4946"}],"collection":[{"href":"https:\/\/pasaenmendoza.com\/index.php?rest_route=\/wp\/v2\/posts"}],"about":[{"href":"https:\/\/pasaenmendoza.com\/index.php?rest_route=\/wp\/v2\/types\/post"}],"author":[{"embeddable":true,"href":"https:\/\/pasaenmendoza.com\/index.php?rest_route=\/wp\/v2\/users\/2"}],"replies":[{"embeddable":true,"href":"https:\/\/pasaenmendoza.com\/index.php?rest_route=%2Fwp%2Fv2%2Fcomments&post=4946"}],"version-history":[{"count":1,"href":"https:\/\/pasaenmendoza.com\/index.php?rest_route=\/wp\/v2\/posts\/4946\/revisions"}],"predecessor-version":[{"id":4948,"href":"https:\/\/pasaenmendoza.com\/index.php?rest_route=\/wp\/v2\/posts\/4946\/revisions\/4948"}],"wp:featuredmedia":[{"embeddable":true,"href":"https:\/\/pasaenmendoza.com\/index.php?rest_route=\/wp\/v2\/media\/4947"}],"wp:attachment":[{"href":"https:\/\/pasaenmendoza.com\/index.php?rest_route=%2Fwp%2Fv2%2Fmedia&parent=4946"}],"wp:term":[{"taxonomy":"category","embeddable":true,"href":"https:\/\/pasaenmendoza.com\/index.php?rest_route=%2Fwp%2Fv2%2Fcategories&post=4946"},{"taxonomy":"post_tag","embeddable":true,"href":"https:\/\/pasaenmendoza.com\/index.php?rest_route=%2Fwp%2Fv2%2Ftags&post=4946"}],"curies":[{"name":"wp","href":"https:\/\/api.w.org\/{rel}","templated":true}]}}