{"id":4949,"date":"2024-01-29T15:39:47","date_gmt":"2024-01-29T14:39:47","guid":{"rendered":"https:\/\/pasaenmendoza.com\/?p=4949"},"modified":"2024-01-29T15:39:49","modified_gmt":"2024-01-29T14:39:49","slug":"rocio-neila-es-la-nueva-reina-de-la-vendimia-de-san-carlos","status":"publish","type":"post","link":"https:\/\/pasaenmendoza.com\/?p=4949","title":{"rendered":"Roc\u00edo Neila es la nueva Reina de la Vendimia de San Carlos"},"content":{"rendered":"\n<p>La joven&nbsp;<strong>Roc\u00edo Bel\u00e9n Neila, oriunda de Pareditas, se coron\u00f3 como la nueva Reina de la Vendimia de San Carlos<\/strong>.&nbsp;<\/p>\n\n\n\n<p>La velada, bajo el lema&nbsp;<strong>&#8220;Murmullos de la Nueva Vendimia&#8221;<\/strong>, se llev\u00f3 a cabo en las \u00faltimas horas del s\u00e1bado y las primeras de este domingo, convirtiendo a San Carlos, el departamento m\u00e1s antiguo de la provincia, en el epicentro de una fiesta que captur\u00f3 la esencia y el encanto de la tradici\u00f3n vendimial.<\/p>\n\n\n\n<p>Roc\u00edo Neila, con su gracia y porte, conquist\u00f3 a los presentes y al jurado, que la seleccion\u00f3 como la embajadora de la belleza y la cultura de San Carlos para el pr\u00f3ximo a\u00f1o. La joven de Pareditas se impuso entre las candidatas, mostrando no solo su belleza exterior, sino tambi\u00e9n su compromiso y conocimiento sobre las tradiciones vitivin\u00edcolas que caracterizan a la regi\u00f3n.<\/p>\n\n\n\n<p>La emoci\u00f3n no solo se limit\u00f3 a la nueva reina, ya que&nbsp;<strong>la representante de la Villa Cabecera, Micaela Florindo, fue elegida como virreina<\/strong>, a\u00f1adiendo un toque de distinci\u00f3n y gracia a la corte vendimial.<\/p>\n\n\n\n<p>La Fiesta Departamental de la Vendimia de San Carlos no solo fue un espect\u00e1culo visual deslumbrante, sino tambi\u00e9n un tributo a la historia y la cultura que ha marcado la regi\u00f3n a lo largo del tiempo. Con &#8220;Murmullos de la Nueva Vendimia&#8221;, los sancarlinos demostraron una vez m\u00e1s su dedicaci\u00f3n a preservar y celebrar las tradiciones que hacen \u00fanica a esta tierra mendocina.<\/p>\n\n\n\n<p><strong>Fuente: www.minutoya.com<\/strong><\/p>\n","protected":false},"excerpt":{"rendered":"<p>La joven&nbsp;Roc\u00edo Bel\u00e9n Neila, oriunda de Pareditas, se coron\u00f3 como la nueva Reina de la Vendimia de San Carlos.&nbsp; La velada, bajo el lema&nbsp;&#8220;Murmullos de la Nueva Vendimia&#8221;, se llev\u00f3 a cabo en las \u00faltimas horas del s\u00e1bado y las primeras de este domingo, convirtiendo a San Carlos, el departamento m\u00e1s antiguo de la provincia, [&hellip;]<\/p>\n","protected":false},"author":2,"featured_media":4950,"comment_status":"open","ping_status":"open","sticky":false,"template":"","format":"standard","meta":[],"categories":[74],"tags":[],"_links":{"self":[{"href":"https:\/\/pasaenmendoza.com\/index.php?rest_route=\/wp\/v2\/posts\/4949"}],"collection":[{"href":"https:\/\/pasaenmendoza.com\/index.php?rest_route=\/wp\/v2\/posts"}],"about":[{"href":"https:\/\/pasaenmendoza.com\/index.php?rest_route=\/wp\/v2\/types\/post"}],"author":[{"embeddable":true,"href":"https:\/\/pasaenmendoza.com\/index.php?rest_route=\/wp\/v2\/users\/2"}],"replies":[{"embeddable":true,"href":"https:\/\/pasaenmendoza.com\/index.php?rest_route=%2Fwp%2Fv2%2Fcomments&post=4949"}],"version-history":[{"count":1,"href":"https:\/\/pasaenmendoza.com\/index.php?rest_route=\/wp\/v2\/posts\/4949\/revisions"}],"predecessor-version":[{"id":4951,"href":"https:\/\/pasaenmendoza.com\/index.php?rest_route=\/wp\/v2\/posts\/4949\/revisions\/4951"}],"wp:featuredmedia":[{"embeddable":true,"href":"https:\/\/pasaenmendoza.com\/index.php?rest_route=\/wp\/v2\/media\/4950"}],"wp:attachment":[{"href":"https:\/\/pasaenmendoza.com\/index.php?rest_route=%2Fwp%2Fv2%2Fmedia&parent=4949"}],"wp:term":[{"taxonomy":"category","embeddable":true,"href":"https:\/\/pasaenmendoza.com\/index.php?rest_route=%2Fwp%2Fv2%2Fcategories&post=4949"},{"taxonomy":"post_tag","embeddable":true,"href":"https:\/\/pasaenmendoza.com\/index.php?rest_route=%2Fwp%2Fv2%2Ftags&post=4949"}],"curies":[{"name":"wp","href":"https:\/\/api.w.org\/{rel}","templated":true}]}}