{"id":4952,"date":"2024-01-30T13:26:35","date_gmt":"2024-01-30T12:26:35","guid":{"rendered":"https:\/\/pasaenmendoza.com\/?p=4952"},"modified":"2024-01-30T13:26:36","modified_gmt":"2024-01-30T12:26:36","slug":"hebe-casado-la-vicegobernadora-que-sigue-ejerciendo-la-medicina","status":"publish","type":"post","link":"https:\/\/pasaenmendoza.com\/?p=4952","title":{"rendered":"Hebe Casado, la vicegobernadora que sigue ejerciendo la medicina"},"content":{"rendered":"\n<p>Hebe Casado es m\u00e9dica inmun\u00f3loga. En medio de la agenda pol\u00edtica se hace un espacio para hacer telemedicina y visitar a los enfermos cuando est\u00e1 en San Rafael.<\/p>\n\n\n\n<p>A menos de dos meses de iniciar su mandato,\u00a0<strong>Hebe Casado<\/strong>\u00a0ha marcado su impronta en la vicegobernaci\u00f3n. Sigui\u00f3 trabajando durante todo el mes de enero en la Legislatura junto a su equipo -a pesar del receso de los empleados-, y adem\u00e1s, continu\u00f3 atendiendo a sus pacientes.<\/p>\n\n\n\n<p>Es que, la primera pasi\u00f3n de\u00a0<strong>Casado\u00a0<\/strong>es la\u00a0<strong>medicina<\/strong>. \u201cEs mi vocaci\u00f3n, a esto me dedico\u201d, dijo la compa\u00f1era de Alfredo Cornejo. La aspirante a la presidencia del Pro Mendoza ha dejado claro que su actividad privada es su principal sost\u00e9n y es al lugar al que volver\u00e1 si queda fuera del mundo de la pol\u00edtica.<\/p>\n\n\n\n<p>Desde que milita,\u00a0<strong>Casado<\/strong>\u00a0nunca descuid\u00f3 a sus pacientes. Fue diputada provincial y sigui\u00f3 con su consultorio. En 2022, termin\u00f3 su mandato en la c\u00e1mara baja y volvi\u00f3 a trabajar como m\u00e9dica inmun\u00f3loga y sigui\u00f3 dando turnos durante 2023 mientras recorr\u00eda la provincia con la campa\u00f1a electoral que la llev\u00f3 a la vicegobernaci\u00f3n.\u00a0<\/p>\n\n\n\n<p>\u201cLa\u00a0<strong>medicina\u00a0<\/strong>es mi pasi\u00f3n. El 25 de diciembre y el 1 de enero atend\u00ed pacientes porque estaba en San Rafael. Hay gente a la que atiendo desde hace mucho, algunos m\u00e1s de 20 a\u00f1os, y que conozco sus historias cl\u00ednicas de memoria\u201d, dijo\u00a0<strong>Hebe Casado<\/strong>.\u00a0<\/p>\n\n\n\n<h2 class=\"wp-block-heading\">La medicina, la vocaci\u00f3n de Hebe Casado<\/h2>\n\n\n\n<p>En m\u00e1s de una oportunidad,\u00a0<strong>Hebe Casado\u00a0<\/strong>ha compartido recuerdos de su trabajo particular en las redes sociales. Una de las m\u00e1s emblem\u00e1ticas, fue la foto con sus padres cuando se recibi\u00f3. \u00a0\u201c20\/12\/2011. Mis padres fueron al juramento y apenas termin\u00f3 se tuvieron que volver a San Rafael porque el supermercado que ten\u00edamos estaba en riesgo de saqueos. Ni una foto me pude sacar con ellos\u201d, escribi\u00f3 en su cuenta oficial junto a la imagen de m\u00e1s de 20 a\u00f1os.\u00a0<\/p>\n\n\n\n<p>Tambi\u00e9n ha compartido fotos junto a pacientes tomando el t\u00e9 cuando hace las consultas a domicilio. En los \u00faltimos meses hubo dos episodios que quedaron retratados: uno, cuando recorr\u00eda el sur en la campa\u00f1a y una paciente la cruz\u00f3 en la ruta para que la atendiera; el otro, cuando&nbsp;<strong>Hebe Casado&nbsp;<\/strong>estaba internada por una cirug\u00eda programada de la rodilla y atendi\u00f3 pacientes mientras estaba en la cl\u00ednica.&nbsp;<\/p>\n\n\n\n<h2 class=\"wp-block-heading\">Hebe Casado, la m\u00e9dica querida entre los pacientes<\/h2>\n\n\n\n<p>Aunque\u00a0<strong>Hebe Casado<\/strong>\u00a0suele ser incisiva y audaz en las redes sociales tiene otra faceta menos conocida de m\u00e9dica preocupada y ocupada de sus pacientes. En San Rafael, los vecinos y colegas la reconocen por su dedicaci\u00f3n y es muy querida por trabajo profesional.\u00a0<\/p>\n\n\n\n<p>Tal es el reconocimiento que un paciente no dud\u00f3 en volcar su agradecimiento a las redes sociales. \u201cQuerida Dra. Cuando acud\u00ed a usted, iba con miedo, dudas y un poco desesperanzado. Ven\u00eda de manos de otro m\u00e9dico que no me prest\u00f3 la suficiente atenci\u00f3n, y los d\u00edas pasaban&#8230; y empeoraba de a poco, y cada vez m\u00e1s mi salud se deterioraba. El aire llegaba con dificultad a mis pulmones, me agitaba, dorm\u00eda m\u00e1s de lo normal y mi cuerpo no ten\u00eda energ\u00eda. Cuando elegimos m\u00e9dico pensamos que va a dar lo mejor por nosotros, y muchas veces estas expectativas se frustran. Entonces alguien me dijo: &#8220;and\u00e1 a la Dra. Hebe&#8221; es la mejor! Porque eso es lo que creemos y estamos seguros!!\u201d, escribi\u00f3 en Facebook.<\/p>\n\n\n\n<p>\u201cCuando acud\u00ed a usted no s\u00f3lo necesitaba sanar mi cuerpo; tambi\u00e9n mi alma, sentir que era, que soy importante, y entonces usted me atendi\u00f3, y yo sal\u00ed llorando de su consultorio, porque supe que estaba en buenas manos, me trat\u00f3 como persona, con respeto y dedicaci\u00f3n y pasi\u00f3n por su profesi\u00f3n; sal\u00ed llorando porque me sent\u00ed aliviado; porque los pacientes observamos las actitudes y proceder de los profesionales, aunque, tal vez no decimos nada. Ahora elijo contar mi experiencia, y les dije a todos: &#8220;Esa Dra. Es un angelito&#8221;!! Mis eternas GRACIAS por la atenci\u00f3n, la contenci\u00f3n, por devolverme la esperanza! GRACIAS ETERNAS\u201d, agreg\u00f3.<\/p>\n\n\n\n<p>FUENTE: MDZonline.<\/p>\n","protected":false},"excerpt":{"rendered":"<p>Hebe Casado es m\u00e9dica inmun\u00f3loga. En medio de la agenda pol\u00edtica se hace un espacio para hacer telemedicina y visitar a los enfermos cuando est\u00e1 en San Rafael. A menos de dos meses de iniciar su mandato,\u00a0Hebe Casado\u00a0ha marcado su impronta en la vicegobernaci\u00f3n. Sigui\u00f3 trabajando durante todo el mes de enero en la Legislatura [&hellip;]<\/p>\n","protected":false},"author":2,"featured_media":4953,"comment_status":"open","ping_status":"open","sticky":true,"template":"","format":"standard","meta":[],"categories":[47],"tags":[],"_links":{"self":[{"href":"https:\/\/pasaenmendoza.com\/index.php?rest_route=\/wp\/v2\/posts\/4952"}],"collection":[{"href":"https:\/\/pasaenmendoza.com\/index.php?rest_route=\/wp\/v2\/posts"}],"about":[{"href":"https:\/\/pasaenmendoza.com\/index.php?rest_route=\/wp\/v2\/types\/post"}],"author":[{"embeddable":true,"href":"https:\/\/pasaenmendoza.com\/index.php?rest_route=\/wp\/v2\/users\/2"}],"replies":[{"embeddable":true,"href":"https:\/\/pasaenmendoza.com\/index.php?rest_route=%2Fwp%2Fv2%2Fcomments&post=4952"}],"version-history":[{"count":1,"href":"https:\/\/pasaenmendoza.com\/index.php?rest_route=\/wp\/v2\/posts\/4952\/revisions"}],"predecessor-version":[{"id":4954,"href":"https:\/\/pasaenmendoza.com\/index.php?rest_route=\/wp\/v2\/posts\/4952\/revisions\/4954"}],"wp:featuredmedia":[{"embeddable":true,"href":"https:\/\/pasaenmendoza.com\/index.php?rest_route=\/wp\/v2\/media\/4953"}],"wp:attachment":[{"href":"https:\/\/pasaenmendoza.com\/index.php?rest_route=%2Fwp%2Fv2%2Fmedia&parent=4952"}],"wp:term":[{"taxonomy":"category","embeddable":true,"href":"https:\/\/pasaenmendoza.com\/index.php?rest_route=%2Fwp%2Fv2%2Fcategories&post=4952"},{"taxonomy":"post_tag","embeddable":true,"href":"https:\/\/pasaenmendoza.com\/index.php?rest_route=%2Fwp%2Fv2%2Ftags&post=4952"}],"curies":[{"name":"wp","href":"https:\/\/api.w.org\/{rel}","templated":true}]}}