{"id":4958,"date":"2024-01-30T13:34:31","date_gmt":"2024-01-30T12:34:31","guid":{"rendered":"https:\/\/pasaenmendoza.com\/?p=4958"},"modified":"2024-01-30T13:34:32","modified_gmt":"2024-01-30T12:34:32","slug":"el-ex-intendente-de-junin-vuelve-al-directorio-del-ipv","status":"publish","type":"post","link":"https:\/\/pasaenmendoza.com\/?p=4958","title":{"rendered":"El ex intendente de Jun\u00edn vuelve al Directorio del IPV"},"content":{"rendered":"\n<p>El ex intendente de Jun\u00edn,\u00a0<strong>H\u00e9ctor Ruiz<\/strong>, fue designado como vocal del Honorable Directorio del\u00a0<strong>Instituto Provincial de la Vivienda<\/strong>, el cual integr\u00f3 durante la primera gesti\u00f3n de Alfredo Cornejo en la gobernaci\u00f3n (2015 &#8211; 2019).<\/p>\n\n\n\n<p>Como ya hab\u00eda anticipado el Post en el\u00a0Quincho del pasado 5 de enero, el ex jefe comunal, quien se hab\u00eda quedado &#8220;sin nada&#8221; despu\u00e9s de dejar el mando del departamento a Mario Abed, fue nombrado nuevamente en el IPV que ahora comanda\u00a0Gustavo Javier Cantero.<\/p>\n\n\n\n<p>La confirmaci\u00f3n lleg\u00f3 de la mano del Decreto 46 publicado este martes en el Bolet\u00edn Oficial de la provincia. De esta forma, Ruiz, que es el \u00fanico ex intendente del radicalismo que no lleg\u00f3 ni a la Legislatura ni al Gabinete, ser\u00e1 parte del directorio.<\/p>\n\n\n\n<p>Cornejo confi\u00f3 en el ex jefe comunal de Jun\u00edn ya que su trabajo en el Instituto durante su primer mandato lo dej\u00f3 m\u00e1s que conforme.<\/p>\n\n\n\n<p>Ruiz es agrimensor, fue electo como senador provincial en el 2015 y luego renunci\u00f3 a su banca para integrar el directorio del IPV, cargo que ocup\u00f3 hasta que asumi\u00f3 en la intendencia de la comuna del Este provincial.<\/p>\n\n\n\n<p>FUENTE: Mendozapost.<\/p>\n","protected":false},"excerpt":{"rendered":"<p>El ex intendente de Jun\u00edn,\u00a0H\u00e9ctor Ruiz, fue designado como vocal del Honorable Directorio del\u00a0Instituto Provincial de la Vivienda, el cual integr\u00f3 durante la primera gesti\u00f3n de Alfredo Cornejo en la gobernaci\u00f3n (2015 &#8211; 2019). Como ya hab\u00eda anticipado el Post en el\u00a0Quincho del pasado 5 de enero, el ex jefe comunal, quien se hab\u00eda quedado [&hellip;]<\/p>\n","protected":false},"author":2,"featured_media":4960,"comment_status":"open","ping_status":"open","sticky":true,"template":"","format":"standard","meta":[],"categories":[47],"tags":[],"_links":{"self":[{"href":"https:\/\/pasaenmendoza.com\/index.php?rest_route=\/wp\/v2\/posts\/4958"}],"collection":[{"href":"https:\/\/pasaenmendoza.com\/index.php?rest_route=\/wp\/v2\/posts"}],"about":[{"href":"https:\/\/pasaenmendoza.com\/index.php?rest_route=\/wp\/v2\/types\/post"}],"author":[{"embeddable":true,"href":"https:\/\/pasaenmendoza.com\/index.php?rest_route=\/wp\/v2\/users\/2"}],"replies":[{"embeddable":true,"href":"https:\/\/pasaenmendoza.com\/index.php?rest_route=%2Fwp%2Fv2%2Fcomments&post=4958"}],"version-history":[{"count":1,"href":"https:\/\/pasaenmendoza.com\/index.php?rest_route=\/wp\/v2\/posts\/4958\/revisions"}],"predecessor-version":[{"id":4961,"href":"https:\/\/pasaenmendoza.com\/index.php?rest_route=\/wp\/v2\/posts\/4958\/revisions\/4961"}],"wp:featuredmedia":[{"embeddable":true,"href":"https:\/\/pasaenmendoza.com\/index.php?rest_route=\/wp\/v2\/media\/4960"}],"wp:attachment":[{"href":"https:\/\/pasaenmendoza.com\/index.php?rest_route=%2Fwp%2Fv2%2Fmedia&parent=4958"}],"wp:term":[{"taxonomy":"category","embeddable":true,"href":"https:\/\/pasaenmendoza.com\/index.php?rest_route=%2Fwp%2Fv2%2Fcategories&post=4958"},{"taxonomy":"post_tag","embeddable":true,"href":"https:\/\/pasaenmendoza.com\/index.php?rest_route=%2Fwp%2Fv2%2Ftags&post=4958"}],"curies":[{"name":"wp","href":"https:\/\/api.w.org\/{rel}","templated":true}]}}